{"Signatur": "VD_TC_031", "Spider": "VD_Omni", "Sprache": "fr", "Datum": "2009-12-29", "HTML": {"Datei": "VD_Omni/VD_TC_031_PS-2009-0030_2009-12-29.html", "URL": "http://www.jurisprudence.vd.ch/scripts/nph-omniscgi.exe?OmnisPlatform=WINDOWS&WebServerUrl=&WebServerScript=/scripts/nph-omniscgi.exe&OmnisLibrary=JURISWEB&OmnisClass=rtFindinfoWebHtmlService&OmnisServer=7001&Parametername=WWW_V4&Schema=VD_TA_WEB&Source=search.fiw&Aufruf=getMarkupDocument&cSprache=FRE&nF30_KEY=162511&W10_KEY=10550255&nTrefferzeile=13&Template=search/standard/results/document.fiw", "Checksum": "9b9520205f95ab55bd75186316fc99bc"}, "Scrapedate": "2023-01-01", "Num": ["PS.2009.0030"], "Kopfzeile": [{"Sprachen": ["fr", "de", "it"], "Text": "Vaud Tribunal cantonal Cour de droit administratif et public 29.12.2009 PS.2009.0030"}], "Meta": [{"Sprachen": ["de"], "Text": "Waadt  Cour de droit administratif et public"}, {"Sprachen": ["fr"], "Text": "Vaud Tribunal cantonal Cour de droit administratif et public"}, {"Sprachen": ["it"], "Text": "Vaud  Cour de droit administratif et public"}], "Abstract": [{"Sprachen": ["de", "fr", "it"], "Text": "X.________/Instance juridique ch\u00f4mage Service de l'emploi, Centre social r\u00e9gional de Lausanne, Office r\u00e9gional de placement de Lausanne | Mesures cantonales d'insertion professionnelle. Le recourant a \u00e9t\u00e9 astreint \u00e0 une mesure d'insertion professionnelle (cours J'EM) allant du 18 ao\u00fbt au 17 novembre 2008. Il s'est absent\u00e9 du cours \u00e0 plusieurs reprises en ao\u00fbt et en septembre et il a d\u00e9finitivement quitt\u00e9 le cours le 10 octobre 2008 ; il n'a pas r\u00e9pondu aux interpellations du Service de l'emploi concernant son aptitude au placement,  ni \u00e0 une convocation pour le 10 novembre 2008. D\u00e9cision d'inaptitude au placement prononc\u00e9e \u00e0 son encontre le 25 novembre 2008. Le recourant explique avoir \u00e9t\u00e9 expos\u00e9 \u00e0 de graves difficult\u00e9 personnelles d\u00e8s le 10 octobre 2008, qui ont entra\u00een\u00e9 la perte de son logement, la recherche d\u00e9sesp\u00e9r\u00e9e d'un logement d'urgence et finalement une hospitalisation \u00e0 Cery. Mais ces circonstances ne modifiaient pas le fait que pendant la p\u00e9riode en cause, le recourant ne pr\u00e9sentait plus objectivement la disponibilit\u00e9 n\u00e9cessaire \u00e0 une prise d'emploi, et qu'il ne pouvait \u00eatre consid\u00e9r\u00e9 comme apte au placement. \r\r"}], "ScrapyJob": "446973/40/2238", "Zeit UTC": "11.04.2026 00:37:23", "Checksum": "66031cb418556c6c4c1176817e957555"}