{"Signatur": "VD_TC_031", "Spider": "VD_Omni", "Sprache": "fr", "Datum": "2010-05-19", "HTML": {"Datei": "VD_Omni/VD_TC_031_PS-2009-0100_2010-05-19.html", "URL": "http://www.jurisprudence.vd.ch/scripts/nph-omniscgi.exe?OmnisPlatform=WINDOWS&WebServerUrl=&WebServerScript=/scripts/nph-omniscgi.exe&OmnisLibrary=JURISWEB&OmnisClass=rtFindinfoWebHtmlService&OmnisServer=7001&Parametername=WWW_V4&Schema=VD_TA_WEB&Source=search.fiw&Aufruf=getMarkupDocument&cSprache=FRE&nF30_KEY=163253&W10_KEY=10550255&nTrefferzeile=48&Template=search/standard/results/document.fiw", "Checksum": "9e380440bf999c810bd7d0a64bfea386"}, "Scrapedate": "2023-01-01", "Num": ["PS.2009.0100"], "Kopfzeile": [{"Sprachen": ["fr", "de", "it"], "Text": "Vaud Tribunal cantonal Cour de droit administratif et public 19.05.2010 PS.2009.0100"}], "Meta": [{"Sprachen": ["de"], "Text": "Waadt  Cour de droit administratif et public"}, {"Sprachen": ["fr"], "Text": "Vaud Tribunal cantonal Cour de droit administratif et public"}, {"Sprachen": ["it"], "Text": "Vaud  Cour de droit administratif et public"}], "Abstract": [{"Sprachen": ["de", "fr", "it"], "Text": "A.X.________, B.X.________/Bureau de recouvrement et d'avances de pensions alimentaires | Suppression des avances sur pensions alimentaires. La b\u00e9n\u00e9ficiaire a obtenu un CFC \u00e0 l'Ecole de couture \u00e0 Lausanne \u00e0 l'\u00e2ge de 19 ans et elle a suivi ensuite le cours de \" g\u00e9n\u00e9raliste en vente et marketing \" aupr\u00e8s du centre SAWI. Le bureau estime que le cours n'est pas en relation directe avec la profession de cr\u00e9atrice de v\u00eatements et ne ferait pas partie des obligations d'entretien allant au-del\u00e0 de l'\u00e2ge de la majorit\u00e9 au sens de l'art. 277 al. 2 CC. Recours admis pour le motif que la formation compl\u00e9mentaire en marketing est de nature \u00e0 mettre en valeur la formation de base et \u00e0 am\u00e9liorer les possibilit\u00e9s de trouver un travail compte tenu des difficult\u00e9s sur le march\u00e9 de l'emploi dans cette branche d'activit\u00e9. Il faut aussi tenir compte du jeune \u00e2ge de la recourante et du fait que les capacit\u00e9s et les go\u00fbts de l'enfant pour le choix d'une voie de formation peuvent se r\u00e9v\u00e9ler apr\u00e8s l'\u00e2ge de la majorit\u00e9 ou au moment de l'ach\u00e8vement du premier cycle de formation. Il s'agit d'ailleurs de l'un des effets de l'abaissement de l'\u00e2ge de la majorit\u00e9 de 20 \u00e0 18 ans depuis le 1er janvier 1996. \r"}], "ScrapyJob": "446973/40/2238", "Zeit UTC": "11.04.2026 00:28:07", "Checksum": "373b2a68fe351ae1c98c5fd9d79aa69b"}