{"Signatur": "VD_TC_031", "Spider": "VD_Omni", "Sprache": "fr", "Datum": "2011-04-29", "HTML": {"Datei": "VD_Omni/VD_TC_031_PS-2010-0060_2011-04-29.html", "URL": "http://www.jurisprudence.vd.ch/scripts/nph-omniscgi.exe?OmnisPlatform=WINDOWS&WebServerUrl=&WebServerScript=/scripts/nph-omniscgi.exe&OmnisLibrary=JURISWEB&OmnisClass=rtFindinfoWebHtmlService&OmnisServer=7001&Parametername=WWW_V4&Schema=VD_TA_WEB&Source=search.fiw&Aufruf=getMarkupDocument&cSprache=FRE&nF30_KEY=164843&W10_KEY=10550255&nTrefferzeile=5&Template=search/standard/results/document.fiw", "Checksum": "bad0c712d1cf330af82fee89525ece0f"}, "Scrapedate": "2023-01-01", "Num": ["PS.2010.0060"], "Kopfzeile": [{"Sprachen": ["fr", "de", "it"], "Text": "Vaud Tribunal cantonal Cour de droit administratif et public 29.04.2011 PS.2010.0060"}], "Meta": [{"Sprachen": ["de"], "Text": "Waadt  Cour de droit administratif et public"}, {"Sprachen": ["fr"], "Text": "Vaud Tribunal cantonal Cour de droit administratif et public"}, {"Sprachen": ["it"], "Text": "Vaud  Cour de droit administratif et public"}], "Abstract": [{"Sprachen": ["de", "fr", "it"], "Text": "X.________ /EVAM, Etablissement vaudois d'accueil des migrants, D\u00e9partement de l'int\u00e9rieur | Demande de r\u00e9int\u00e9gration dans le r\u00e9gime d'aide sociale ordinaire. Les requ\u00e9rants d'asile ayant fait l'objet d'une d\u00e9cision de non-entr\u00e9e en mati\u00e8re autoris\u00e9s \u00e0 rester en Suisse dans le cadre d'une proc\u00e9dure extraordinaire - comme en l'occurrence le recourant - ne peuvent b\u00e9n\u00e9ficier que de l'aide d'urgence, et non de l'aide sociale ordinaire (rappel de jurisprudence). Rien ne s'oppose \u00e0 assimiler une d\u00e9cision de non-entr\u00e9e en mati\u00e8re formelle \u00e0 une d\u00e9cision de non-entr\u00e9e en mati\u00e8re mat\u00e9rielle. L'argument du recourant selon lequel il ne doit pas \u00eatre trait\u00e9 comme un requ\u00e9rant d'asile d\u00e9bout\u00e9, car la proc\u00e9dure d'asile le concernant ne serait pas close, mais seulement suspendue par une proc\u00e9dure visant \u00e0 d\u00e9terminer l'Etat membre responsable de sa demande d'asile, doit ainsi \u00eatre \u00e9cart\u00e9. En outre, il appartient \u00e0 l'ODM, respectivement au TAF, de d\u00e9terminer si le d\u00e9lai de 6 mois pr\u00e9vu \u00e0 l'art. 20 \u00a7 2 du r\u00e8glement \"Dublin\" a expir\u00e9 et le cas \u00e9ch\u00e9ant d'annuler la d\u00e9cision de non-entr\u00e9e en mati\u00e8re. Recours rejet\u00e9."}], "ScrapyJob": "446973/40/2238", "Zeit UTC": "11.04.2026 00:13:29", "Checksum": "7d1b943bad8589f0ea754fc0c07f14ca"}