{"Signatur": "VD_TC_031", "Spider": "VD_Omni", "Sprache": "fr", "Datum": "2011-04-20", "HTML": {"Datei": "VD_Omni/VD_TC_031_PS-2010-0094_2011-04-20.html", "URL": "http://www.jurisprudence.vd.ch/scripts/nph-omniscgi.exe?OmnisPlatform=WINDOWS&WebServerUrl=&WebServerScript=/scripts/nph-omniscgi.exe&OmnisLibrary=JURISWEB&OmnisClass=rtFindinfoWebHtmlService&OmnisServer=7001&Parametername=WWW_V4&Schema=VD_TA_WEB&Source=search.fiw&Aufruf=getMarkupDocument&cSprache=FRE&nF30_KEY=164814&W10_KEY=10550255&nTrefferzeile=35&Template=search/standard/results/document.fiw", "Checksum": "e9c64f607b3558b5607b07a9428a6b65"}, "Scrapedate": "2023-01-01", "Num": ["PS.2010.0094"], "Kopfzeile": [{"Sprachen": ["fr", "de", "it"], "Text": "Vaud Tribunal cantonal Cour de droit administratif et public 20.04.2011 PS.2010.0094"}], "Meta": [{"Sprachen": ["de"], "Text": "Waadt  Cour de droit administratif et public"}, {"Sprachen": ["fr"], "Text": "Vaud Tribunal cantonal Cour de droit administratif et public"}, {"Sprachen": ["it"], "Text": "Vaud  Cour de droit administratif et public"}], "Abstract": [{"Sprachen": ["de", "fr", "it"], "Text": "X.________ /D\u00e9partement de l'int\u00e9rieur, EVAM, Etablissement vaudois d'accueil des migrants | Un requ\u00e9rant d'asile d\u00e9bout\u00e9, sous le coup d'une d\u00e9cision de renvoi de Suisse d\u00e9finitive et ex\u00e9cutoire et b\u00e9n\u00e9ficiant de l'aide d'urgence, n'a aucun droit \u00e0 b\u00e9n\u00e9ficier d'un logement individuel. On ne retire pas du certificat m\u00e9dical dont il se pr\u00e9vaut et attestant de troubles du sommeil que son transfert en logement collectif soit susceptible d'aggraver son \u00e9tat de sant\u00e9."}], "ScrapyJob": "446973/40/2238", "Zeit UTC": "11.04.2026 00:08:12", "Checksum": "5e289651f6a1730892d3db0acfef1260"}