{"Signatur": "VD_TC_031", "Spider": "VD_Omni", "Sprache": "fr", "Datum": "2011-06-03", "HTML": {"Datei": "VD_Omni/VD_TC_031_PS-2011-0005_2011-06-03.html", "URL": "http://www.jurisprudence.vd.ch/scripts/nph-omniscgi.exe?OmnisPlatform=WINDOWS&WebServerUrl=&WebServerScript=/scripts/nph-omniscgi.exe&OmnisLibrary=JURISWEB&OmnisClass=rtFindinfoWebHtmlService&OmnisServer=7001&Parametername=WWW_V4&Schema=VD_TA_WEB&Source=search.fiw&Aufruf=getMarkupDocument&cSprache=FRE&nF30_KEY=165023&W10_KEY=10550255&nTrefferzeile=39&Template=search/standard/results/document.fiw", "Checksum": "3ecd7e992fb7cba6b7ef87505714e908"}, "Scrapedate": "2023-01-01", "Num": ["PS.2011.0005"], "Kopfzeile": [{"Sprachen": ["fr", "de", "it"], "Text": "Vaud Tribunal cantonal Cour de droit administratif et public 03.06.2011 PS.2011.0005"}], "Meta": [{"Sprachen": ["de"], "Text": "Waadt  Cour de droit administratif et public"}, {"Sprachen": ["fr"], "Text": "Vaud Tribunal cantonal Cour de droit administratif et public"}, {"Sprachen": ["it"], "Text": "Vaud  Cour de droit administratif et public"}], "Abstract": [{"Sprachen": ["de", "fr", "it"], "Text": "X.________/D\u00e9partement de l'int\u00e9rieur, EVAM, Etablissement vaudois d'accueil des migrants | C'est \u00e0 juste titre que l'EVAM a ordonn\u00e9 au recourant de r\u00e9sider dor\u00e9navant dans les abris de la protection civile de Nyon. En effet, d\u00e8s lors qu'il s\u00e9journe ill\u00e9galement sur le territoire vaudois (la d\u00e9cision \u00e9cartant sa requ\u00eate d'asile \u00e9tant d\u00e9finitive, ainsi que la d\u00e9cision \u00e9cartant sa demande d'autorisation de s\u00e9jour fond\u00e9e sur l'art. 14 al. 2 LAsi), c'est \u00e0 l'aide d'urgence - et exclusivement \u00e0 cette aide - qu'il a droit. Or, conform\u00e9ment \u00e0 l'art. 4a al. 3 LASV, cette aide est fournie en principe en nature, dans un lieu d'h\u00e9bergement collectif.\rRecours rejet\u00e9."}], "ScrapyJob": "446973/40/2238", "Zeit UTC": "11.04.2026 00:05:36", "Checksum": "21efa3b6c97ef49ba2305f670a7530b3"}