{"Signatur": "VD_TC_031", "Spider": "VD_Omni", "Sprache": "fr", "Datum": "2012-02-27", "HTML": {"Datei": "VD_Omni/VD_TC_031_PS-2011-0076_2012-02-27.html", "URL": "http://www.jurisprudence.vd.ch/scripts/nph-omniscgi.exe?OmnisPlatform=WINDOWS&WebServerUrl=&WebServerScript=/scripts/nph-omniscgi.exe&OmnisLibrary=JURISWEB&OmnisClass=rtFindinfoWebHtmlService&OmnisServer=7001&Parametername=WWW_V4&Schema=VD_TA_WEB&Source=search.fiw&Aufruf=getMarkupDocument&cSprache=FRE&nF30_KEY=166127&W10_KEY=10550255&nTrefferzeile=17&Template=search/standard/results/document.fiw", "Checksum": "17d0bc9a7efc0f24d292aa18a39a4555"}, "Scrapedate": "2023-01-01", "Num": ["PS.2011.0076"], "Kopfzeile": [{"Sprachen": ["fr", "de", "it"], "Text": "Vaud Tribunal cantonal Cour de droit administratif et public 27.02.2012 PS.2011.0076"}], "Meta": [{"Sprachen": ["de"], "Text": "Waadt  Cour de droit administratif et public"}, {"Sprachen": ["fr"], "Text": "Vaud Tribunal cantonal Cour de droit administratif et public"}, {"Sprachen": ["it"], "Text": "Vaud  Cour de droit administratif et public"}], "Abstract": [{"Sprachen": ["de", "fr", "it"], "Text": "X.________ c/Service de pr\u00e9voyance et d'aide sociales, Centre social r\u00e9gional de Lausanne | Ressortissant communautaire qui s\u00e9journait en Suisse depuis moins d'un an, au b\u00e9n\u00e9fice d'une autorisation de s\u00e9jour de courte dur\u00e9e aux fins d'ex\u00e9cuter plusieurs missions temporaires, lorsqu'il s'est trouv\u00e9 en incapacit\u00e9 de travail. Apr\u00e8s avoir \u00e9puis\u00e9 son droit \u00e0 l'indemnit\u00e9 pour perte de gain, il peut pr\u00e9tendre \u00e0 l'octroi du RI dans l'attente d'une d\u00e9cision lui ouvrant le droit \u00e0 une rente \u00e0 la charge d'une institution suisse; il ne saurait \u00eatre r\u00e9duit \u00e0 l'aide d'urgence. Annulation de la d\u00e9cision attaqu\u00e9e, qui assimile \u00e0 tort le recourant \u00e0 un ressortissant communautaire sans activit\u00e9 lucrative ou au titulaire d'un permis L demandeur d'emploi, et renvoi \u00e0 l'autorit\u00e9 intim\u00e9e aux fins de d\u00e9terminer si la cause de l'incapacit\u00e9 permanente de travail du recourant est \u00e0 rechercher dans une maladie d'origine professionnelle."}], "ScrapyJob": "446973/40/2238", "Zeit UTC": "10.04.2026 23:51:06", "Checksum": "14d71b6b6ee8be640a24486884d1658c"}