{"Signatur": "VD_TC_031", "Spider": "VD_Omni", "Sprache": "fr", "Datum": "2012-12-19", "HTML": {"Datei": "VD_Omni/VD_TC_031_PS-2012-0063_2012-12-19.html", "URL": "http://www.jurisprudence.vd.ch/scripts/nph-omniscgi.exe?OmnisPlatform=WINDOWS&WebServerUrl=&WebServerScript=/scripts/nph-omniscgi.exe&OmnisLibrary=JURISWEB&OmnisClass=rtFindinfoWebHtmlService&OmnisServer=7001&Parametername=WWW_V4&Schema=VD_TA_WEB&Source=search.fiw&Aufruf=getMarkupDocument&cSprache=FRE&nF30_KEY=167589&W10_KEY=10550255&nTrefferzeile=46&Template=search/standard/results/document.fiw", "Checksum": "83fc22f2beeae356ad986252e3eedf43"}, "Scrapedate": "2023-01-01", "Num": ["PS.2012.0063"], "Kopfzeile": [{"Sprachen": ["fr", "de", "it"], "Text": "Vaud Tribunal cantonal Cour de droit administratif et public 19.12.2012 PS.2012.0063"}], "Meta": [{"Sprachen": ["de"], "Text": "Waadt  Cour de droit administratif et public"}, {"Sprachen": ["fr"], "Text": "Vaud Tribunal cantonal Cour de droit administratif et public"}, {"Sprachen": ["it"], "Text": "Vaud  Cour de droit administratif et public"}], "Abstract": [{"Sprachen": ["de", "fr", "it"], "Text": "A.X.________ et B.X.________ /D\u00e9partement de l'\u00e9conomie et du sport, EVAM, Etablissement vaudois d'accueil des migrants | Rejet du recours d'une famille au b\u00e9n\u00e9fice de l'aide d'urgence contre le refus de lui attribuer un logement individuel. L'autorit\u00e9 intim\u00e9e n'a pas viol\u00e9 le droit d'\u00eatre entendu des recourants en ne requ\u00e9rant pas un nouveau pr\u00e9avis de la Commission crit\u00e8res de vuln\u00e9rabilit\u00e9, car les certificats m\u00e9dicaux produits avant la d\u00e9cision attaqu\u00e9e n'apportent aucun \u00e9l\u00e9ment nouveau d\u00e9cisif par rapport \u00e0 ceux dont disposait la Commission pr\u00e9cit\u00e9e lorsqu'elle s'est prononc\u00e9e. Par ailleurs, m\u00eame si la recourante a fait un tentamen post\u00e9rieurement \u00e0 la d\u00e9cision litigieuse, les psychiatres qui l'ont soign\u00e9e rel\u00e8vent qu'elle pr\u00e9sente un trouble d\u00e9pressif r\u00e9current et un \u00e9tat de stress post-traumatique, soit les m\u00eames troubles que par le pass\u00e9, ces derniers s'\u00e9tant aggrav\u00e9s. Ils ne recommandent pas un logement individuel, mais uniquement un changement de lieu de vie dans un environnement s\u00e9curisant, ce qui est le cas, les recourants s'\u00e9tant vus attribuer des places dans un foyer de l'EVAM \u00e0 Lausanne."}], "ScrapyJob": "446973/40/2238", "Zeit UTC": "10.04.2026 23:32:29", "Checksum": "f4cf5b3b06038ef924265920a5e249f3"}