{"Signatur": "VD_TC_031", "Spider": "VD_Omni", "Sprache": "fr", "Datum": "2013-03-01", "HTML": {"Datei": "VD_Omni/VD_TC_031_PS-2012-0088_2013-03-01.html", "URL": "http://www.jurisprudence.vd.ch/scripts/nph-omniscgi.exe?OmnisPlatform=WINDOWS&WebServerUrl=&WebServerScript=/scripts/nph-omniscgi.exe&OmnisLibrary=JURISWEB&OmnisClass=rtFindinfoWebHtmlService&OmnisServer=7001&Parametername=WWW_V4&Schema=VD_TA_WEB&Source=search.fiw&Aufruf=getMarkupDocument&cSprache=FRE&nF30_KEY=167900&W10_KEY=10550255&nTrefferzeile=8&Template=search/standard/results/document.fiw", "Checksum": "4ccb327e49b2319d3f72910801a14960"}, "Scrapedate": "2023-01-01", "Num": ["PS.2012.0088"], "Kopfzeile": [{"Sprachen": ["fr", "de", "it"], "Text": "Vaud Tribunal cantonal Cour de droit administratif et public 01.03.2013 PS.2012.0088"}], "Meta": [{"Sprachen": ["de"], "Text": "Waadt  Cour de droit administratif et public"}, {"Sprachen": ["fr"], "Text": "Vaud Tribunal cantonal Cour de droit administratif et public"}, {"Sprachen": ["it"], "Text": "Vaud  Cour de droit administratif et public"}], "Abstract": [{"Sprachen": ["de", "fr", "it"], "Text": "X.________ /D\u00e9partement de l'\u00e9conomie et du sport, EVAM, Etablissement vaudois d'accueil des migrants | Requ\u00e9rant d'asile h\u00e9berg\u00e9 dans le foyer collectif de l'EVAM \u00e0 Vevey. Son mauvais \u00e9tat de sant\u00e9 (d\u00e9pression moyenne, \u00e9pilepsie et syndrome de d\u00e9pendance au cannabis) justifie de le transf\u00e9rer dans le foyer collectif de Leysin, o\u00f9 il pourra b\u00e9n\u00e9ficier d'une plus grande tranquilit\u00e9 et de soins ad\u00e9quats. Prise en compte des pr\u00e9avis m\u00e9dicaux (notamment de la Commission des crit\u00e8res de vuln\u00e9rabilit\u00e9 de la PMU). Refus du transfert dans un logement individuel confirm\u00e9. Rejet du recours."}], "ScrapyJob": "446973/40/2238", "Zeit UTC": "10.04.2026 23:35:22", "Checksum": "98d6069cbded523b7b24e6f62f0ac54d"}