{"Signatur": "VD_TC_031", "Spider": "VD_Omni", "Sprache": "fr", "Datum": "2013-02-19", "HTML": {"Datei": "VD_Omni/VD_TC_031_PS-2012-0105_2013-02-19.html", "URL": "http://www.jurisprudence.vd.ch/scripts/nph-omniscgi.exe?OmnisPlatform=WINDOWS&WebServerUrl=&WebServerScript=/scripts/nph-omniscgi.exe&OmnisLibrary=JURISWEB&OmnisClass=rtFindinfoWebHtmlService&OmnisServer=7001&Parametername=WWW_V4&Schema=VD_TA_WEB&Source=search.fiw&Aufruf=getMarkupDocument&cSprache=FRE&nF30_KEY=167743&W10_KEY=10550255&nTrefferzeile=12&Template=search/standard/results/document.fiw", "Checksum": "8b4812a483aa79d2f4059a87ba220470"}, "Scrapedate": "2023-01-01", "Num": ["PS.2012.0105"], "Kopfzeile": [{"Sprachen": ["fr", "de", "it"], "Text": "Vaud Tribunal cantonal Cour de droit administratif et public 19.02.2013 PS.2012.0105"}], "Meta": [{"Sprachen": ["de"], "Text": "Waadt  Cour de droit administratif et public"}, {"Sprachen": ["fr"], "Text": "Vaud Tribunal cantonal Cour de droit administratif et public"}, {"Sprachen": ["it"], "Text": "Vaud  Cour de droit administratif et public"}], "Abstract": [{"Sprachen": ["de", "fr", "it"], "Text": "X.________ /D\u00e9partement de l'\u00e9conomie et du sport, EVAM, Etablissement vaudois d'accueil des migrants | Un requ\u00e9rant d'asile d\u00e9bout\u00e9, sous le coup d'une d\u00e9cision de renvoi d\u00e9finitive et ex\u00e9cutoire, ne dispose plus d'un droit de s\u00e9jour sur territoire vaudois en vertu de la l\u00e9gislation f\u00e9d\u00e9rale et s\u00e9journe ill\u00e9galement dans le canton. A ce titre, il ne peut donc plus b\u00e9n\u00e9ficier de l'assistance ordinaire mais seulement de l'aide d'urgence. Ressortissant \u00e9rythr\u00e9en, le recourant est c\u00e9libataire, \u00e2g\u00e9 de 24 ans, sans charge de famille et en bonne sant\u00e9. Son int\u00e9r\u00eat priv\u00e9 \u00e0 \u00eatre transf\u00e9r\u00e9 d'un abri de protection civile dans une autre structure d'h\u00e9bergement et \u00e0 b\u00e9n\u00e9ficier d'un appartement individuel s'oppose clairement \u00e0 l'int\u00e9r\u00eat public \u00e0 ce que l'EVAM puisse g\u00e9rer son parc immobilier de mani\u00e8re rationnelle, efficace et conforme au principe d'\u00e9conomie. \rRecours rejet\u00e9 par ATF 8C_221/2013 du 11 mars 2013."}], "ScrapyJob": "446973/40/2238", "Zeit UTC": "10.04.2026 23:30:45", "Checksum": "e0e59071c2bb6bf84fb21337ad736ea4"}