{"Signatur": "VD_TC_031", "Spider": "VD_Omni", "Sprache": "fr", "Datum": "2013-09-23", "HTML": {"Datei": "VD_Omni/VD_TC_031_PS-2013-0028_2013-09-23.html", "URL": "http://www.jurisprudence.vd.ch/scripts/nph-omniscgi.exe?OmnisPlatform=WINDOWS&WebServerUrl=&WebServerScript=/scripts/nph-omniscgi.exe&OmnisLibrary=JURISWEB&OmnisClass=rtFindinfoWebHtmlService&OmnisServer=7001&Parametername=WWW_V4&Schema=VD_TA_WEB&Source=search.fiw&Aufruf=getMarkupDocument&cSprache=FRE&nF30_KEY=168773&W10_KEY=10550255&nTrefferzeile=6&Template=search/standard/results/document.fiw", "Checksum": "42621cfd0ed4af08d76187f21a3c59dd"}, "Scrapedate": "2023-01-01", "Num": ["PS.2013.0028"], "Kopfzeile": [{"Sprachen": ["fr", "de", "it"], "Text": "Vaud Tribunal cantonal Cour de droit administratif et public 23.09.2013 PS.2013.0028"}], "Meta": [{"Sprachen": ["de"], "Text": "Waadt  Cour de droit administratif et public"}, {"Sprachen": ["fr"], "Text": "Vaud Tribunal cantonal Cour de droit administratif et public"}, {"Sprachen": ["it"], "Text": "Vaud  Cour de droit administratif et public"}], "Abstract": [{"Sprachen": ["de", "fr", "it"], "Text": "X.________ /Service de pr\u00e9voyance et d'aide sociales, Centre social r\u00e9gional JURA-NORD VAUDOIS | D\u00e9cision de suppression du RI \u00e0 l'encontre d'une personne inapte au placement, souffrant de schizophr\u00e9nie parano\u00efde et anosognosique. La d\u00e9cision attaqu\u00e9e se rapporte pour l'essentiel \u00e0 une p\u00e9riode o\u00f9 l'\u00e9tat de sant\u00e9 du recourant s'\u00e9tait encore p\u00e9jor\u00e9. Dans ces conditions, les manquements reproch\u00e9s ne r\u00e9sultent pas d'une faute significative du recourant. La suppression de la totalit\u00e9 du RI est par cons\u00e9quent largement disproportionn\u00e9e. Compte tenu des circonstances, aucune sanction ne doit \u00eatre prononc\u00e9e \u00e0 l'encontre du recourant pour la p\u00e9riode en cause. Cela ne signifie toutefois pas que le recourant puisse \u00e9chapper d\u00e9sormais \u00e0 toute sanction mais, cas \u00e9ch\u00e9ant, que les mesures \u00e0 venir devront tenir compte de son \u00e9tat de sant\u00e9. Il ne serait par ailleurs pas exclu d'envisager une curatelle et une rente d'invalidit\u00e9, subsidiaire au RI, tenant compte de la capacit\u00e9 de gain r\u00e9elle du recourant."}], "ScrapyJob": "446973/40/2238", "Zeit UTC": "10.04.2026 23:19:00", "Checksum": "b0e66158a2aab4b69942f4695432b065"}