{"Signatur": "VD_TC_031", "Spider": "VD_Omni", "Sprache": "fr", "Datum": "2014-06-10", "HTML": {"Datei": "VD_Omni/VD_TC_031_PS-2013-0076_2014-06-10.html", "URL": "http://www.jurisprudence.vd.ch/scripts/nph-omniscgi.exe?OmnisPlatform=WINDOWS&WebServerUrl=&WebServerScript=/scripts/nph-omniscgi.exe&OmnisLibrary=JURISWEB&OmnisClass=rtFindinfoWebHtmlService&OmnisServer=7001&Parametername=WWW_V4&Schema=VD_TA_WEB&Source=search.fiw&Aufruf=getMarkupDocument&cSprache=FRE&nF30_KEY=170062&W10_KEY=10550255&nTrefferzeile=20&Template=search/standard/results/document.fiw", "Checksum": "5d34ad4f5522f154bcf8549b01b251a8"}, "Scrapedate": "2023-01-01", "Num": ["PS.2013.0076"], "Kopfzeile": [{"Sprachen": ["fr", "de", "it"], "Text": "Vaud Tribunal cantonal Cour de droit administratif et public 10.06.2014 PS.2013.0076"}], "Meta": [{"Sprachen": ["de"], "Text": "Waadt  Cour de droit administratif et public"}, {"Sprachen": ["fr"], "Text": "Vaud Tribunal cantonal Cour de droit administratif et public"}, {"Sprachen": ["it"], "Text": "Vaud  Cour de droit administratif et public"}], "Abstract": [{"Sprachen": ["de", "fr", "it"], "Text": "A.X.________/D\u00e9partement de l'\u00e9conomie et du sport, EVAM, Etablissement vaudois d'accueil des migrants | L'EVAM a mis \u00e0 disposition du recourant et de sa famille un appartement priv\u00e9 \u00e0 Sainte-Croix. Suite au rejet de leurs demandes d'asile par l'ODM, confirm\u00e9 par le TAF, l'EVAM leur a attribu\u00e9 un logement en h\u00e9bergement collectif dans le Foyer Sainte-Agn\u00e8s \u00e0 Leysin. Le recourant conteste le transfert au vu de l'\u00e9tat de sant\u00e9 de son \u00e9pouse, qui souffre d'un trouble d\u00e9pressif et d'un \u00e9tat de stress post-traumatique. La Commission \"crit\u00e8res de vuln\u00e9rabilit\u00e9\" de la polyclinique m\u00e9dicale universitaire du CHUV a \u00e9mis un pr\u00e9avis d\u00e9favorable au d\u00e9placement de la famille, elle a mentionn\u00e9 dans son rapport qu'il est important pour l'\u00e9pouse du recourant de pouvoir continuer \u00e0 vivre dans le logement familial \u00e0 Sainte-Croix compte tenu du \"lien th\u00e9rapeutique \u00e9tabli dans le cadre d'une situation de gravit\u00e9\" et afin \"d'\u00e9viter le risque d'un passage \u00e0 l'acte\". Dans sa d\u00e9cision, l'autorit\u00e9 intim\u00e9e n'indique pas quels sont les motifs objectifs qui l'on amen\u00e9e \u00e0 s'\u00e9carter du pr\u00e9avis de la commission pr\u00e9cit\u00e9e. Or, elle ne pouvait pas s'\u00e9carter de ce pr\u00e9avis, sans quoi elle remet en question le r\u00f4le m\u00eame de la commission susmentionn\u00e9e, qui est compos\u00e9e de m\u00e9decins. N\u00e9anmoins, ledit pr\u00e9avis est insuffisamment d\u00e9velopp\u00e9, il ne permet en effet pas de d\u00e9terminer de mani\u00e8re concluante dans quelle mesure l'\u00e9pouse du recourant doit \u00eatre consid\u00e9r\u00e9e commune une personne vuln\u00e9rable, dont l'\u00e9tat de sant\u00e9 est fragile, ni si les conditions de vie au sein d'une structure collective s'av\u00e8rent inappropri\u00e9es pour un individu souffrant d'un trouble d\u00e9pressif et d'un \u00e9tat de stress post-traumatique. Un nouveau rapport m\u00e9dical doit ainsi \u00eatre \u00e9tabli. Recours admis."}], "ScrapyJob": "446973/40/2238", "Zeit UTC": "10.04.2026 23:03:38", "Checksum": "7cab0fb8de9bb6c9c10494d2f047b091"}