{"Signatur": "VD_TC_031", "Spider": "VD_Omni", "Sprache": "fr", "Datum": "2014-09-24", "HTML": {"Datei": "VD_Omni/VD_TC_031_PS-2014-0014_2014-09-24.html", "URL": "http://www.jurisprudence.vd.ch/scripts/nph-omniscgi.exe?OmnisPlatform=WINDOWS&WebServerUrl=&WebServerScript=/scripts/nph-omniscgi.exe&OmnisLibrary=JURISWEB&OmnisClass=rtFindinfoWebHtmlService&OmnisServer=7001&Parametername=WWW_V4&Schema=VD_TA_WEB&Source=search.fiw&Aufruf=getMarkupDocument&cSprache=FRE&nF30_KEY=170493&W10_KEY=10550255&nTrefferzeile=14&Template=search/standard/results/document.fiw", "Checksum": "bc5a50aa24f1b1cc00f370da020b55d5"}, "Scrapedate": "2023-01-01", "Num": ["PS.2014.0014"], "Kopfzeile": [{"Sprachen": ["fr", "de", "it"], "Text": "Vaud Tribunal cantonal Cour de droit administratif et public 24.09.2014 PS.2014.0014"}], "Meta": [{"Sprachen": ["de"], "Text": "Waadt  Cour de droit administratif et public"}, {"Sprachen": ["fr"], "Text": "Vaud Tribunal cantonal Cour de droit administratif et public"}, {"Sprachen": ["it"], "Text": "Vaud  Cour de droit administratif et public"}], "Abstract": [{"Sprachen": ["de", "fr", "it"], "Text": "X.________/D\u00e9partement de l'\u00e9conomie et du sport, EVAM, Etablissement vaudois d'accueil des migrants | L'EVAM a attribu\u00e9 au recourant et \u00e0 sa famille 4 places au sein de son foyer \u00e0 Bex bien que la Commission \"crit\u00e8res de vuln\u00e9rabilit\u00e9\" ait estim\u00e9 qu'un logement individuel \u00e9tait adapt\u00e9 \u00e0 la situation familiale compte tenu des sympt\u00f4mes anxieux d\u00e9pressifs dont souffre le recourant et afin d'\u00e9viter tout risque suicidaire. Dans sa d\u00e9cision, l'autorit\u00e9 intim\u00e9e n'indique pas quels sont les motifs objectifs qui l'ont amen\u00e9e \u00e0 s'\u00e9carter du pr\u00e9avis de la commission pr\u00e9cit\u00e9e. Or, elle ne pouvait pas s'\u00e9carter du pr\u00e9avis, sans quoi elle remet en question le r\u00f4le m\u00eame de la commission susmentionn\u00e9e, qui est compos\u00e9e de m\u00e9decins. N\u00e9anmoins, ledit pr\u00e9avis est insuffisamment d\u00e9velopp\u00e9, il ne permet en effet pas de d\u00e9terminer de mani\u00e8re concluante dans quelle mesure le recourant doit \u00eatre consid\u00e9r\u00e9 comme une personne vuln\u00e9rable, dont l'\u00e9tat de sant\u00e9 est fragile, ni si les conditions de vie au sein d'une structure collective s'av\u00e8rent inappropri\u00e9es pour un individu souffrant d'un trouble d\u00e9pressif. Un nouveau rapport m\u00e9dical doit ainsi \u00eatre \u00e9tabli. Recours admis."}], "ScrapyJob": "446973/40/2238", "Zeit UTC": "10.04.2026 22:58:49", "Checksum": "77d3cfe170a017e8ab1419feee632c0a"}