{"Signatur": "VD_TC_031", "Spider": "VD_Omni", "Sprache": "fr", "Datum": "2014-12-08", "HTML": {"Datei": "VD_Omni/VD_TC_031_PS-2014-0023_2014-12-08.html", "URL": "http://www.jurisprudence.vd.ch/scripts/nph-omniscgi.exe?OmnisPlatform=WINDOWS&WebServerUrl=&WebServerScript=/scripts/nph-omniscgi.exe&OmnisLibrary=JURISWEB&OmnisClass=rtFindinfoWebHtmlService&OmnisServer=7001&Parametername=WWW_V4&Schema=VD_TA_WEB&Source=search.fiw&Aufruf=getMarkupDocument&cSprache=FRE&nF30_KEY=170852&W10_KEY=10550255&nTrefferzeile=37&Template=search/standard/results/document.fiw", "Checksum": "d3f331a8bda5979c64ca3bebe98c84f9"}, "Scrapedate": "2023-01-01", "Num": ["PS.2014.0023"], "Kopfzeile": [{"Sprachen": ["fr", "de", "it"], "Text": "Vaud Tribunal cantonal Cour de droit administratif et public 08.12.2014 PS.2014.0023"}], "Meta": [{"Sprachen": ["de"], "Text": "Waadt  Cour de droit administratif et public"}, {"Sprachen": ["fr"], "Text": "Vaud Tribunal cantonal Cour de droit administratif et public"}, {"Sprachen": ["it"], "Text": "Vaud  Cour de droit administratif et public"}], "Abstract": [{"Sprachen": ["de", "fr", "it"], "Text": "X.________ /Service de pr\u00e9voyance et d'aide sociales, Centre social intercommunal de Montreux-Veytaux | La recourante, au b\u00e9n\u00e9fice de l'aide sociale depuis 2006 en tout cas, a r\u00e9clam\u00e9 au plus t\u00f4t en mai 2013 le remboursement de frais de transport avec effet r\u00e9troactif aux ann\u00e9es 2009 \u00e0 2012. La demande est tardive et c'est \u00e0 juste titre que le CSR puis le SPAS ont refus\u00e9 de prendre en charge lesdits frais; peu importe de savoir si la recourante a obtenu le remboursement d'une part des frais de transport durant les ann\u00e9es en cause ou si elle aurait eu droit \u00e0 un tel remboursement. Peu importe \u00e9galement la question de savoir si la recourante a \u00e9t\u00e9 correctement inform\u00e9e sur ses droits, en particulier sur les frais pris en charge par le RI.\rRecours au TF d\u00e9clar\u00e9 irrecevable pour d\u00e9faut de motivation (ATF du 12 mars 2015 dans la cause 8C_60/2015).\r"}], "ScrapyJob": "446973/40/2238", "Zeit UTC": "10.04.2026 22:53:34", "Checksum": "2a3afcee393d1d41c874f09f4cb3c4ea"}