{"Signatur": "VD_TC_031", "Spider": "VD_Omni", "Sprache": "fr", "Datum": "2014-12-08", "HTML": {"Datei": "VD_Omni/VD_TC_031_PS-2014-0024_2014-12-08.html", "URL": "http://www.jurisprudence.vd.ch/scripts/nph-omniscgi.exe?OmnisPlatform=WINDOWS&WebServerUrl=&WebServerScript=/scripts/nph-omniscgi.exe&OmnisLibrary=JURISWEB&OmnisClass=rtFindinfoWebHtmlService&OmnisServer=7001&Parametername=WWW_V4&Schema=VD_TA_WEB&Source=search.fiw&Aufruf=getMarkupDocument&cSprache=FRE&nF30_KEY=170853&W10_KEY=10550255&nTrefferzeile=36&Template=search/standard/results/document.fiw", "Checksum": "31fde4744835306322b510b09b3780f7"}, "Scrapedate": "2023-01-01", "Num": ["PS.2014.0024"], "Kopfzeile": [{"Sprachen": ["fr", "de", "it"], "Text": "Vaud Tribunal cantonal Cour de droit administratif et public 08.12.2014 PS.2014.0024"}], "Meta": [{"Sprachen": ["de"], "Text": "Waadt  Cour de droit administratif et public"}, {"Sprachen": ["fr"], "Text": "Vaud Tribunal cantonal Cour de droit administratif et public"}, {"Sprachen": ["it"], "Text": "Vaud  Cour de droit administratif et public"}], "Abstract": [{"Sprachen": ["de", "fr", "it"], "Text": "X.________ /Service de pr\u00e9voyance et d'aide sociales, Centre social intercommunal de Montreux-Veytaux | La recourante a r\u00e9clam\u00e9 au plus t\u00f4t en 2010 le remboursement de frais de garde-meubles avec effet r\u00e9troactif aux ann\u00e9es 2008 et 2009. La demande est tardive et c'est \u00e0 juste titre que le CSR puis le SPAS ont refus\u00e9 de prendre en charge ces frais. Il n'y a pas lieu de v\u00e9rifier si les prestations vers\u00e9es sont effectivement inf\u00e9rieures \u00e0 celles auxquelles la recourante aurait eu droit. Lorsqu'il adresse une demande \u00e0 l'autorit\u00e9 dans son propre int\u00e9r\u00eat, l'administr\u00e9 doit la motiver et apporter les \u00e9l\u00e9ments \u00e9tablissant l'intensit\u00e9 de son besoin. Le tribunal n'a d\u00e8s lors pas \u00e0 trancher la question de savoir si la recourante a \u00e9t\u00e9 correctement inform\u00e9e sur ses droits.\rLa recourante semble \u00e9galement r\u00e9clamer la prise en charge de frais de garde-meubles pour 2012. De tels frais ne sont pris en charge que pour des personnes sans domicile fixe ou devant loger provisoirement en h\u00f4tel ou chez des amis. Or, tel n'\u00e9tait plus le cas de la recourante \u00e0 ce moment-l\u00e0. Rejet du recours sur ce point \u00e9galement.\rQuant \u00e0 savoir si la recourante avait effectivement droit \u00e0 un remboursement pour les ann\u00e9es 2010 et 2011, ce que le SPAS conteste en renon\u00e7ant toutefois \u00e0 r\u00e9former in pejus la d\u00e9cision du CSI, cette question ne rel\u00e8ve pas de l'objet du litige. \rRecours au TF d\u00e9clar\u00e9 irrecevable pour d\u00e9faut de motivation (ATF du 12 mars 2015 dans la cause 8C_61/2015).\r"}], "ScrapyJob": "446973/40/2238", "Zeit UTC": "10.04.2026 22:53:35", "Checksum": "6cf777510d54bb10bad76b0e9cc77d1d"}