{"Signatur": "VD_TC_031", "Spider": "VD_Omni", "Sprache": "fr", "Datum": "2015-07-30", "HTML": {"Datei": "VD_Omni/VD_TC_031_PS-2014-0113_2015-07-30.html", "URL": "http://www.jurisprudence.vd.ch/scripts/nph-omniscgi.exe?OmnisPlatform=WINDOWS&WebServerUrl=&WebServerScript=/scripts/nph-omniscgi.exe&OmnisLibrary=JURISWEB&OmnisClass=rtFindinfoWebHtmlService&OmnisServer=7001&Parametername=WWW_V4&Schema=VD_TA_WEB&Source=search.fiw&Aufruf=getMarkupDocument&cSprache=FRE&nF30_KEY=171990&W10_KEY=10550255&nTrefferzeile=43&Template=search/standard/results/document.fiw", "Checksum": "a8e5873bb875196ca7b8ba19818ca4e9"}, "Scrapedate": "2023-01-01", "Num": ["PS.2014.0113"], "Kopfzeile": [{"Sprachen": ["fr", "de", "it"], "Text": "Vaud Tribunal cantonal Cour de droit administratif et public 30.07.2015 PS.2014.0113"}], "Meta": [{"Sprachen": ["de"], "Text": "Waadt  Cour de droit administratif et public"}, {"Sprachen": ["fr"], "Text": "Vaud Tribunal cantonal Cour de droit administratif et public"}, {"Sprachen": ["it"], "Text": "Vaud  Cour de droit administratif et public"}], "Abstract": [{"Sprachen": ["de", "fr", "it"], "Text": "A. X.________, B. Y.________, C. X.________, D. X.________, E. X.________ /D\u00e9partement de l'\u00e9conomie et du sport, EVAM, Etablissement vaudois d'accueil des migrants | Dans son arr\u00eat du 10 juin 2014, la CDAP avait admis le recours d\u00e9pos\u00e9 par l'int\u00e9ress\u00e9 et sa famille et annul\u00e9 la d\u00e9cision du DECS ainsi que les d\u00e9cisions de l'EVAM leur attribuant des places au Foyer EVAM de Sainte-Agn\u00e8s \u00e0 Leysin. Il avait \u00e9t\u00e9 consid\u00e9r\u00e9 que le DECS ne pouvait pas s'\u00e9carter du pr\u00e9avis \u00e9tabli par la commission \"crit\u00e8res de vuln\u00e9rabilit\u00e9\", sans quoi il remettait en cause le r\u00f4le m\u00eame de cette commission compos\u00e9e de m\u00e9decins. Le DECS devait faire \u00e9tablir un rapport m\u00e9dical complet indiquant dans quelle mesure la recourante devait \u00eatre consid\u00e9r\u00e9e comme une personne vuln\u00e9rable et si les conditions de vie au sein d'une structure collective s'av\u00e9raient inappropri\u00e9es pour un individu souffrant d'un stress post-traumatique. Le DECS a rendu une nouvelle d\u00e9cision qui s'\u00e9carte du certificat m\u00e9dical \u00e9tabli par le m\u00e9decin traitant de la recourante sans expliquer les motifs objectifs qui l'ont amen\u00e9 \u00e0 s'\u00e9carter de cet avis. L'EVAM n'a par ailleurs pas soumis ce certificat \u00e0 la commission \"crit\u00e8res de vuln\u00e9rabilit\u00e9\" alors qu'il \u00e9tait tenu de le faire suite \u00e0 l'arr\u00eat du 10 juin 2014. Le transfert des recourants dans un h\u00e9bergement collectif ne repose ainsi pas sur une constatation suffisante des faits pertinents. Recours admis."}], "ScrapyJob": "446973/40/2238", "Zeit UTC": "10.04.2026 22:41:57", "Checksum": "57d7cd07d5c8d98a33ffb12fcc424178"}