{"Signatur": "VD_TC_031", "Spider": "VD_Omni", "Sprache": "fr", "Datum": "2015-06-30", "HTML": {"Datei": "VD_Omni/VD_TC_031_PS-2015-0022_2015-06-30.html", "URL": "http://www.jurisprudence.vd.ch/scripts/nph-omniscgi.exe?OmnisPlatform=WINDOWS&WebServerUrl=&WebServerScript=/scripts/nph-omniscgi.exe&OmnisLibrary=JURISWEB&OmnisClass=rtFindinfoWebHtmlService&OmnisServer=7001&Parametername=WWW_V4&Schema=VD_TA_WEB&Source=search.fiw&Aufruf=getMarkupDocument&cSprache=FRE&nF30_KEY=172332&W10_KEY=10550255&nTrefferzeile=17&Template=search/standard/results/document.fiw", "Checksum": "5ecf1df89570ff5ec49e06d170816063"}, "Scrapedate": "2023-01-01", "Num": ["PS.2015.0022"], "Kopfzeile": [{"Sprachen": ["fr", "de", "it"], "Text": "Vaud Tribunal cantonal Cour de droit administratif et public 30.06.2015 PS.2015.0022"}], "Meta": [{"Sprachen": ["de"], "Text": "Waadt  Cour de droit administratif et public"}, {"Sprachen": ["fr"], "Text": "Vaud Tribunal cantonal Cour de droit administratif et public"}, {"Sprachen": ["it"], "Text": "Vaud  Cour de droit administratif et public"}], "Abstract": [{"Sprachen": ["de", "fr", "it"], "Text": "X.________ /D\u00e9partement de l'\u00e9conomie et du sport, EVAM, Etablissement vaudois d'accueil des migrants | Le refus d'attribuer un logement individuel \u00e0 une jeune femme de 28 ans, en bonne sant\u00e9, c\u00e9libataire et sans enfant, qui vit depuis plusieurs ann\u00e9es dans un foyer d'h\u00e9bergement collectif am\u00e9nag\u00e9 dans un b\u00e2timent d'habitation urbain ordinaire ne viole ni la l\u00e9gislation sur l'aide d'urgence, ni les garanties constitutionnelles relatives \u00e0 la protection de la dignit\u00e9 humaine ou de la vie priv\u00e9e."}], "ScrapyJob": "446973/40/2238", "Zeit UTC": "10.04.2026 22:44:05", "Checksum": "d2b37f03973634537a66ecb3d8ade85d"}