{"Signatur": "VD_TC_031", "Spider": "VD_Omni", "Sprache": "fr", "Datum": "2015-10-29", "HTML": {"Datei": "VD_Omni/VD_TC_031_PS-2015-0060_2015-10-29.html", "URL": "http://www.jurisprudence.vd.ch/scripts/nph-omniscgi.exe?OmnisPlatform=WINDOWS&WebServerUrl=&WebServerScript=/scripts/nph-omniscgi.exe&OmnisLibrary=JURISWEB&OmnisClass=rtFindinfoWebHtmlService&OmnisServer=7001&Parametername=WWW_V4&Schema=VD_TA_WEB&Source=search.fiw&Aufruf=getMarkupDocument&cSprache=FRE&nF30_KEY=172354&W10_KEY=10550255&nTrefferzeile=40&Template=search/standard/results/document.fiw", "Checksum": "736ff47e986a68c6d5bf5cc5e93efe33"}, "Scrapedate": "2023-01-01", "Num": ["PS.2015.0060"], "Kopfzeile": [{"Sprachen": ["fr", "de", "it"], "Text": "Vaud Tribunal cantonal Cour de droit administratif et public 29.10.2015 PS.2015.0060"}], "Meta": [{"Sprachen": ["de"], "Text": "Waadt  Cour de droit administratif et public"}, {"Sprachen": ["fr"], "Text": "Vaud Tribunal cantonal Cour de droit administratif et public"}, {"Sprachen": ["it"], "Text": "Vaud  Cour de droit administratif et public"}], "Abstract": [{"Sprachen": ["de", "fr", "it"], "Text": "X.________ /Service de pr\u00e9voyance et d'aide sociales, Centre social r\u00e9gional de Lausanne | Rejet du recours d'un ressortissant somalien interjet\u00e9 contre la d\u00e9cision du SPAS lui refusant le b\u00e9n\u00e9fice du revenu d'insertion de la LASV. En effet, le recourant \u00e9tant titulaire d'un permis F (admission provisoire) sans la mention \"r\u00e9fugi\u00e9\", c'est la LARA qui d\u00e9termine l'aide qui doit lui \u00eatre octroy\u00e9e, \u00e0 l'exclusion de la LASV. Le fait que les modalit\u00e9s de l'aide pr\u00e9vue par la LARA et/ou la quotit\u00e9 de celle-ci soient diff\u00e9rentes ou inf\u00e9rieures \u00e0 celle de la LASV ne consacre pas une violation du respect de la dignit\u00e9 humaine ou du droit \u00e0 l'\u00e9galit\u00e9 de traitement. Il ne s'agit pas non plus d'une violation du droit f\u00e9d\u00e9ral (LEtr), lequel op\u00e8re pr\u00e9cis\u00e9ment une distinction en mati\u00e8re d'aide sociale en fonction du statut du b\u00e9n\u00e9ficiaire. Enfin, le droit europ\u00e9en invoqu\u00e9 par le recourant au soutien de son recours n'est pas d\u00e9terminant, d\u00e8s lors qu'il ne fait pas partie du droit objectif suisse.\rRecours au TF rejet\u00e9 par arr\u00eat du 2 novembre 2016 (8C_87/2015)."}], "ScrapyJob": "446973/40/2238", "Zeit UTC": "10.04.2026 22:36:35", "Checksum": "456880ed69621cecc13c4bb723e956d1"}