{"Signatur": "VD_TC_031", "Spider": "VD_Omni", "Sprache": "fr", "Datum": "2016-02-18", "HTML": {"Datei": "VD_Omni/VD_TC_031_PS-2015-0097_2016-02-18.html", "URL": "http://www.jurisprudence.vd.ch/scripts/nph-omniscgi.exe?OmnisPlatform=WINDOWS&WebServerUrl=&WebServerScript=/scripts/nph-omniscgi.exe&OmnisLibrary=JURISWEB&OmnisClass=rtFindinfoWebHtmlService&OmnisServer=7001&Parametername=WWW_V4&Schema=VD_TA_WEB&Source=search.fiw&Aufruf=getMarkupDocument&cSprache=FRE&nF30_KEY=172823&W10_KEY=10550255&nTrefferzeile=6&Template=search/standard/results/document.fiw", "Checksum": "4b5f79cba7c36d8cd57141b7b91dee7a"}, "Scrapedate": "2023-01-01", "Num": ["PS.2015.0097"], "Kopfzeile": [{"Sprachen": ["fr", "de", "it"], "Text": "Vaud Tribunal cantonal Cour de droit administratif et public 18.02.2016 PS.2015.0097"}], "Meta": [{"Sprachen": ["de"], "Text": "Waadt  Cour de droit administratif et public"}, {"Sprachen": ["fr"], "Text": "Vaud Tribunal cantonal Cour de droit administratif et public"}, {"Sprachen": ["it"], "Text": "Vaud  Cour de droit administratif et public"}], "Abstract": [{"Sprachen": ["de", "fr", "it"], "Text": "X.________ /Service de pr\u00e9voyance et d'aide sociales, Centre social r\u00e9gional JURA-NORD VAUDOIS | Recours contre la d\u00e9cision du SPAS refusant au recourant le b\u00e9n\u00e9fice du RI en raison de l'absence de domicile en Suisse. La d\u00e9finition du domicile au sens de la LASV recouvre celle de l'art. 23 CC, ce qui impose de prendre en compte l'ensemble des circonstances du cas concret pour d\u00e9terminer s'il existe un domicile. En l'esp\u00e8ce, le recourant a fourni des attestations de r\u00e9sidence qui ne sont pas conformes \u00e0 la r\u00e9alit\u00e9 et n'a d'ailleurs pas \u00e9t\u00e9 en mesure de fournir une seule quittance de loyer correspondant \u00e0 la sous-location all\u00e9gu\u00e9e. L'enqu\u00eate diligent\u00e9e par le CSR a d'ailleurs conclu \u00e0 l'absence du recourant \u00e0 son pr\u00e9tendu domicile. Quant aux relev\u00e9s bancaires de ses comptes suisse et portugais, ils d\u00e9montrent que son centre de vie \u00e9tait situ\u00e9 au Portugal tout au long de la p\u00e9riode litigieuse. En cons\u00e9quence, bien que le recourant ait effectivement partag\u00e9 son temps entre le Portugal et la Suisse, il n'\u00e9tait pas domicili\u00e9 sur le territoire helv\u00e9tique. Recours rejet\u00e9."}], "ScrapyJob": "446973/40/2238", "Zeit UTC": "10.04.2026 22:31:47", "Checksum": "b0942da2ec5c52f78a322f5a5ce16ef6"}