{"Signatur": "VD_TC_031", "Spider": "VD_Omni", "Sprache": "fr", "Datum": "2016-12-05", "HTML": {"Datei": "VD_Omni/VD_TC_031_PS-2016-0066_2016-12-05.html", "URL": "http://www.jurisprudence.vd.ch/scripts/nph-omniscgi.exe?OmnisPlatform=WINDOWS&WebServerUrl=&WebServerScript=/scripts/nph-omniscgi.exe&OmnisLibrary=JURISWEB&OmnisClass=rtFindinfoWebHtmlService&OmnisServer=7001&Parametername=WWW_V4&Schema=VD_TA_WEB&Source=search.fiw&Aufruf=getMarkupDocument&cSprache=FRE&nF30_KEY=174001&W10_KEY=10550255&nTrefferzeile=27&Template=search/standard/results/document.fiw", "Checksum": "f133b9b1055eda85059494991b7f6cc7"}, "Scrapedate": "2023-01-01", "Num": ["PS.2016.0066"], "Kopfzeile": [{"Sprachen": ["fr", "de", "it"], "Text": "Vaud Tribunal cantonal Cour de droit administratif et public 05.12.2016 PS.2016.0066"}], "Meta": [{"Sprachen": ["de"], "Text": "Waadt  Cour de droit administratif et public"}, {"Sprachen": ["fr"], "Text": "Vaud Tribunal cantonal Cour de droit administratif et public"}, {"Sprachen": ["it"], "Text": "Vaud  Cour de droit administratif et public"}], "Abstract": [{"Sprachen": ["de", "fr", "it"], "Text": "A.________/Service de pr\u00e9voyance et d'aide sociales, CENTRE SOCIAL REGIONAL | B\u00e9n\u00e9ficiaire du RI qui a exerc\u00e9 une activit\u00e9 accessoire de taxi ind\u00e9pendant. C'est \u00e0 tort que l'autorit\u00e9 intim\u00e9e a ni\u00e9 le caract\u00e8re professionnel des charges de loyer du garage. Certes, dans une de ses \u00e9critures, le recourant a expliqu\u00e9 que, son appartement \u00e9tant petit, il entreposait dans son garage des affaires personnelles. On ne saurait toutefois en inf\u00e9rer qu'il l'utilisait exclusivement \u00e0 cette fin. Recours admis."}], "ScrapyJob": "446973/40/2238", "Zeit UTC": "10.04.2026 22:17:56", "Checksum": "f6c787cb3e9450e34b45fea116446783"}