{"Signatur": "VD_TC_031", "Spider": "VD_Omni", "Sprache": "fr", "Datum": "2018-04-24", "HTML": {"Datei": "VD_Omni/VD_TC_031_PS-2018-0019_2018-04-24.html", "URL": "http://www.jurisprudence.vd.ch/scripts/nph-omniscgi.exe?OmnisPlatform=WINDOWS&WebServerUrl=&WebServerScript=/scripts/nph-omniscgi.exe&OmnisLibrary=JURISWEB&OmnisClass=rtFindinfoWebHtmlService&OmnisServer=7001&Parametername=WWW_V4&Schema=VD_TA_WEB&Source=search.fiw&Aufruf=getMarkupDocument&cSprache=FRE&nF30_KEY=175911&W10_KEY=10550255&nTrefferzeile=19&Template=search/standard/results/document.fiw", "Checksum": "f8c415bcda93ddd89dba90aeb4efc69f"}, "Scrapedate": "2023-01-01", "Num": ["PS.2018.0019"], "Kopfzeile": [{"Sprachen": ["fr", "de", "it"], "Text": "Vaud Tribunal cantonal Cour de droit administratif et public 24.04.2018 PS.2018.0019"}], "Meta": [{"Sprachen": ["de"], "Text": "Waadt  Cour de droit administratif et public"}, {"Sprachen": ["fr"], "Text": "Vaud Tribunal cantonal Cour de droit administratif et public"}, {"Sprachen": ["it"], "Text": "Vaud  Cour de droit administratif et public"}], "Abstract": [{"Sprachen": ["de", "fr", "it"], "Text": "A.________/Service de pr\u00e9voyance et d'aide sociales, Centre social r\u00e9gional de Lausanne Service social Lausanne | Recours d'un b\u00e9n\u00e9ficiaire du revenu d'insertion (RI) contre une d\u00e9cision du SPAS confirmant la r\u00e9duction du forfait RI de 25% pendant 8 mois en raison de sa mise en \u00e9chec sans motif valable de la possibilit\u00e9 de prendre un emploi \u00e0 dur\u00e9e ind\u00e9termin\u00e9e \u00e0 50%. Le contrat de travail propos\u00e9 \u00e9tait adapt\u00e9 aux capacit\u00e9s physiques du recourant. C'est en vain qu'il se pr\u00e9vaut d'un certificat m\u00e9dical \u00e9manant de son m\u00e9decin traitant attestant du fait qu'il lui serait impossible de conduire plus de deux heures par jour. La sanction prononc\u00e9e doit cependant \u00eatre r\u00e9form\u00e9e, une loi plus favorable \u00e9tant entr\u00e9e en vigueur entre temps. La sanction la plus s\u00e9v\u00e8re pr\u00e9vue par le droit actuel ne se justifie pas sous l'angle du principe de la proportionnalit\u00e9. Recours partiellement admis, la dur\u00e9e de la r\u00e9duction \u00e9tant ramen\u00e9e \u00e0 six mois.\rRecours au TF d\u00e9clar\u00e9 irrecevable (TF 8C_385/2018 du 21 juin 2018)."}], "ScrapyJob": "446973/40/2238", "Zeit UTC": "10.04.2026 21:59:36", "Checksum": "04940852cda09360ab4826caff867de5"}