{"Signatur": "VD_TC_031", "Spider": "VD_Omni", "Sprache": "fr", "Datum": "2018-07-30", "HTML": {"Datei": "VD_Omni/VD_TC_031_PS-2018-0037_2018-07-30.html", "URL": "http://www.jurisprudence.vd.ch/scripts/nph-omniscgi.exe?OmnisPlatform=WINDOWS&WebServerUrl=&WebServerScript=/scripts/nph-omniscgi.exe&OmnisLibrary=JURISWEB&OmnisClass=rtFindinfoWebHtmlService&OmnisServer=7001&Parametername=WWW_V4&Schema=VD_TA_WEB&Source=search.fiw&Aufruf=getMarkupDocument&cSprache=FRE&nF30_KEY=176400&W10_KEY=10550255&nTrefferzeile=28&Template=search/standard/results/document.fiw", "Checksum": "89285be6a71247e868a1c9166ae0aa1a"}, "Scrapedate": "2023-01-01", "Num": ["PS.2018.0037"], "Kopfzeile": [{"Sprachen": ["fr", "de", "it"], "Text": "Vaud Tribunal cantonal Cour de droit administratif et public 30.07.2018 PS.2018.0037"}], "Meta": [{"Sprachen": ["de"], "Text": "Waadt  Cour de droit administratif et public"}, {"Sprachen": ["fr"], "Text": "Vaud Tribunal cantonal Cour de droit administratif et public"}, {"Sprachen": ["it"], "Text": "Vaud  Cour de droit administratif et public"}], "Abstract": [{"Sprachen": ["de", "fr", "it"], "Text": "A.________ /D\u00e9partement de l'\u00e9conomie, de l'innovation et du sport (DEIS), EVAM, Etablissement vaudois d'accueil des migrants, B.________ | Confirmation de la d\u00e9cision rendue sur recours par le DEIS, confirmant la d\u00e9cision de l'EVAM qui se r\u00e9f\u00e8re, pour la prise en charge des frais de logement, au bar\u00e8me pour l'occupation d'un appartement de 2,5 pi\u00e8ces \u00e0 un couple qui pr\u00e9tend \u00eatre s\u00e9par\u00e9 et \u00e0 ses deux enfants mineurs. C'est \u00e0 juste titre que l'autorit\u00e9 intim\u00e9e a consid\u00e9r\u00e9 que la recourante, qui a choisi de partager son logement avec le p\u00e8re des deux enfants mineurs, vivait en couple. Consid\u00e9rant qu'une seule pi\u00e8ce devait d\u00e8s lors \u00eatre attribu\u00e9e au couple, le DEIS a consid\u00e9r\u00e9 \u00e0 juste titre que la famille ne pouvait pr\u00e9tendre au remboursement des frais d'h\u00e9bergement individuel qu'\u00e0 concurrence du loyer habituellement pris en charge pour un appartement de deux pi\u00e8ces. La recourante ne saurait pour le surplus \u00eatre prot\u00e9g\u00e9e dans sa bonne foi, l'information erron\u00e9e qu'elle a obtenue en relation avec le bar\u00e8me applicable \u00e0 sa situation n'ayant pas la port\u00e9e d'une assurance donn\u00e9e quant \u00e0 la possibilit\u00e9 que l'EVAM prenne en charge un loyer hors norme. Recours rejet\u00e9."}], "ScrapyJob": "446973/40/2238", "Zeit UTC": "10.04.2026 21:51:31", "Checksum": "e2f0c27b96d7b8570e438a5f29df3baf"}