{"Signatur": "VD_TC_031", "Spider": "VD_Omni", "Sprache": "fr", "Datum": "2019-08-27", "HTML": {"Datei": "VD_Omni/VD_TC_031_PS-2018-0046_2019-08-27.html", "URL": "http://www.jurisprudence.vd.ch/scripts/nph-omniscgi.exe?OmnisPlatform=WINDOWS&WebServerUrl=&WebServerScript=/scripts/nph-omniscgi.exe&OmnisLibrary=JURISWEB&OmnisClass=rtFindinfoWebHtmlService&OmnisServer=7001&Parametername=WWW_V4&Schema=VD_TA_WEB&Source=search.fiw&Aufruf=getMarkupDocument&cSprache=FRE&nF30_KEY=178075&W10_KEY=10550255&nTrefferzeile=40&Template=search/standard/results/document.fiw", "Checksum": "acb7501ef426f9f11a27687cc1fc9902"}, "Scrapedate": "2023-01-01", "Num": ["PS.2018.0046"], "Kopfzeile": [{"Sprachen": ["fr", "de", "it"], "Text": "Vaud Tribunal cantonal Cour de droit administratif et public 27.08.2019 PS.2018.0046"}], "Meta": [{"Sprachen": ["de"], "Text": "Waadt  Cour de droit administratif et public"}, {"Sprachen": ["fr"], "Text": "Vaud Tribunal cantonal Cour de droit administratif et public"}, {"Sprachen": ["it"], "Text": "Vaud  Cour de droit administratif et public"}], "Abstract": [{"Sprachen": ["de", "fr", "it"], "Text": "A.________/Direction g\u00e9n\u00e9rale de la coh\u00e9sion sociale (DGCS), Centre social r\u00e9gional Riviera | Nouveau rejet, dans la mesure de leur recevabilit\u00e9, de neuf recours form\u00e9s contre des d\u00e9cisions du SPAS refusant d'allouer l'assistance judiciaire \u00e0 la recourante. Le litige, qui a exclusivement trait \u00e0 la d\u00e9termination du RI, n'\u00e9tait pas d'une complexit\u00e9 telle qu'il imposait le concours d'un avocat, ceci d'autant moins que la recourante a elle-m\u00eame form\u00e9 de nombreux recours par le pass\u00e9, que le SPAS a exceptionnellement admis qu'elle proc\u00e8de dans sa langue maternelle et que la Justice de paix a relev\u00e9 que l\u2019atteinte \u00e0 sa sant\u00e9 ne l'emp\u00eachait pas d\u2019assurer elle-m\u00eame la sauvegarde de ses int\u00e9r\u00eats patrimoniaux et/ou personnels.\rL'\u00e9tendue du droit de la recourante au RI, qui prend en compte les prestations compl\u00e9mentaires qui lui sont servies, doit \u00eatre confirm\u00e9. On rappelle ici le caract\u00e8re subsidiaire de l\u2019assistance publique, notamment au regard des prestations des assurances sociales et des autres prestations sociales, notamment f\u00e9d\u00e9rales. Les frais engag\u00e9s par la recourante pour faire valoir ses droits durant la proc\u00e9dure exc\u00e8dent le cadre de l\u2019assistance qui peut lui \u00eatre apport\u00e9e dans le cadre de la LASV.\rRecours au TF d\u00e9clar\u00e9 irrecevable (arr\u00eat 8C_673/2019 du 3 f\u00e9vrier 2020)."}], "ScrapyJob": "446973/40/2238", "Zeit UTC": "10.04.2026 21:38:14", "Checksum": "29d954548daa4e1521adfa476a02e477"}