{"Signatur": "VD_TC_031", "Spider": "VD_Omni", "Sprache": "fr", "Datum": "2019-02-07", "HTML": {"Datei": "VD_Omni/VD_TC_031_PS-2018-0086_2019-02-07.html", "URL": "http://www.jurisprudence.vd.ch/scripts/nph-omniscgi.exe?OmnisPlatform=WINDOWS&WebServerUrl=&WebServerScript=/scripts/nph-omniscgi.exe&OmnisLibrary=JURISWEB&OmnisClass=rtFindinfoWebHtmlService&OmnisServer=7001&Parametername=WWW_V4&Schema=VD_TA_WEB&Source=search.fiw&Aufruf=getMarkupDocument&cSprache=FRE&nF30_KEY=177241&W10_KEY=10550255&nTrefferzeile=34&Template=search/standard/results/document.fiw", "Checksum": "5b33aaec456fe27c493630b0735c49f7"}, "Scrapedate": "2023-01-01", "Num": ["PS.2018.0086"], "Kopfzeile": [{"Sprachen": ["fr", "de", "it"], "Text": "Vaud Tribunal cantonal Cour de droit administratif et public 07.02.2019 PS.2018.0086"}], "Meta": [{"Sprachen": ["de"], "Text": "Waadt  Cour de droit administratif et public"}, {"Sprachen": ["fr"], "Text": "Vaud Tribunal cantonal Cour de droit administratif et public"}, {"Sprachen": ["it"], "Text": "Vaud  Cour de droit administratif et public"}], "Abstract": [{"Sprachen": ["de", "fr", "it"], "Text": "A.________ /D\u00e9partement de l'\u00e9conomie, de l'innovation et du sport (DEIS), EVAM, Etablissement vaudois d'accueil des migrants | Refus d'attribuer un logement individuel \u00e0 un requ\u00e9rant d'asile d\u00e9bout\u00e9 souffrant d'un \u00e9tat anxio-d\u00e9pressif important et d'un \u00e9tat de stress post-traumatique. L'autorit\u00e9 intim\u00e9e ne s'est fond\u00e9e sur aucun \u00e9l\u00e9ment objectif pour s'\u00e9carter des avis de la commission \"crit\u00e8res de vuln\u00e9rabilit\u00e9\" et des m\u00e9decins traitants de l'int\u00e9ress\u00e9. Elle s'est limit\u00e9e \u00e0 substituer sa propre appr\u00e9ciation. Recours admis et d\u00e9cision r\u00e9form\u00e9e en ce sens qu'un logement individuel est attribu\u00e9 au recourant."}], "ScrapyJob": "446973/40/2238", "Zeit UTC": "10.04.2026 21:44:55", "Checksum": "894742b64a076b3d8df49ace34bc9009"}