{"Signatur": "VD_TC_031", "Spider": "VD_Omni", "Sprache": "fr", "Datum": "2019-12-11", "HTML": {"Datei": "VD_Omni/VD_TC_031_PS-2019-0017_2019-12-11.html", "URL": "http://www.jurisprudence.vd.ch/scripts/nph-omniscgi.exe?OmnisPlatform=WINDOWS&WebServerUrl=&WebServerScript=/scripts/nph-omniscgi.exe&OmnisLibrary=JURISWEB&OmnisClass=rtFindinfoWebHtmlService&OmnisServer=7001&Parametername=WWW_V4&Schema=VD_TA_WEB&Source=search.fiw&Aufruf=getMarkupDocument&cSprache=FRE&nF30_KEY=178498&W10_KEY=10550255&nTrefferzeile=5&Template=search/standard/results/document.fiw", "Checksum": "4109e83fda1543a212adad5e6f7cd59e"}, "Scrapedate": "2023-01-01", "Num": ["PS.2019.0017"], "Kopfzeile": [{"Sprachen": ["fr", "de", "it"], "Text": "Vaud Tribunal cantonal Cour de droit administratif et public 11.12.2019 PS.2019.0017"}], "Meta": [{"Sprachen": ["de"], "Text": "Waadt  Cour de droit administratif et public"}, {"Sprachen": ["fr"], "Text": "Vaud Tribunal cantonal Cour de droit administratif et public"}, {"Sprachen": ["it"], "Text": "Vaud  Cour de droit administratif et public"}], "Abstract": [{"Sprachen": ["de", "fr", "it"], "Text": "A.________/Caisse cantonale vaudoise de compensation AVS | Sur le principe, l\u2019octroi d\u2019une prestation d'une assurance sociale avec effet r\u00e9troactif \u00e0 l'\u00e9poux de la recourante implique la restitution par celle-ci des prestations compl\u00e9mentaires cantonales qui lui ont \u00e9t\u00e9 vers\u00e9es \u00e0 titre d'avance, durant la m\u00eame p\u00e9riode; en effet, les \u00e9poux font m\u00e9nage commun.\rPour d\u00e9terminer l'\u00e9tendue de la restitution, il n'est pas suffisant de tenir compte d\u2019un revenu, en l\u2019\u00e9tat, hypoth\u00e9tique; on ignore en effet si l'\u00e9poux de la recourante a requis l\u2019octroi de prestations compl\u00e9mentaires, d\u2019une part, et si celles-ci lui ont \u00e9t\u00e9 allou\u00e9es et pour quel montant, d\u2019autre part. \rConfirmation de la restitution en tant qu'elle porte sur la prestation d'assurance sociale r\u00e9troactive; renvoi \u00e0 l'autorit\u00e9 intim\u00e9e afin qu'elle d\u00e9termine si des prestations compl\u00e9mentaires ont en outre \u00e9t\u00e9 allou\u00e9es \u00e0 l'\u00e9poux de la recourante.\rRecours au TF d\u00e9clar\u00e9 irrecevable par arr\u00eat 8C_20/2020 du 5 mai 2020."}], "ScrapyJob": "446973/40/2238", "Zeit UTC": "10.04.2026 21:34:20", "Checksum": "2c6df343606d2940e9c6e1bfbe7373e3"}