{"Signatur": "VD_TC_031", "Spider": "VD_Omni", "Sprache": "fr", "Datum": "2019-08-07", "HTML": {"Datei": "VD_Omni/VD_TC_031_PS-2019-0039_2019-08-07.html", "URL": "http://www.jurisprudence.vd.ch/scripts/nph-omniscgi.exe?OmnisPlatform=WINDOWS&WebServerUrl=&WebServerScript=/scripts/nph-omniscgi.exe&OmnisLibrary=JURISWEB&OmnisClass=rtFindinfoWebHtmlService&OmnisServer=7001&Parametername=WWW_V4&Schema=VD_TA_WEB&Source=search.fiw&Aufruf=getMarkupDocument&cSprache=FRE&nF30_KEY=177999&W10_KEY=10550255&nTrefferzeile=47&Template=search/standard/results/document.fiw", "Checksum": "5037392f5e2289212e8b5a8227029998"}, "Scrapedate": "2023-01-01", "Num": ["PS.2019.0039"], "Kopfzeile": [{"Sprachen": ["fr", "de", "it"], "Text": "Vaud Tribunal cantonal Cour de droit administratif et public 07.08.2019 PS.2019.0039"}], "Meta": [{"Sprachen": ["de"], "Text": "Waadt  Cour de droit administratif et public"}, {"Sprachen": ["fr"], "Text": "Vaud Tribunal cantonal Cour de droit administratif et public"}, {"Sprachen": ["it"], "Text": "Vaud  Cour de droit administratif et public"}], "Abstract": [{"Sprachen": ["de", "fr", "it"], "Text": "A.________ /Direction g\u00e9n\u00e9rale de la coh\u00e9sion sociale (DGCS), Centre social R\u00e9gional du Jura-Nord vaudois | N\u00e9 en 1959 en Suisse, d'une m\u00e8re suisse et d'un p\u00e8re inconnu, le recourant a perdu la nationalit\u00e9 helv\u00e9tique lors du mariage de sa m\u00e8re avec un ressortissant italien en 1966. Quand bien m\u00eame il a v\u00e9cu en Suisse jusqu'en 2007 et \u00e9pous\u00e9 une Suissesse, il semble n'avoir jamais accompli de d\u00e9marches pour r\u00e9cup\u00e9rer sa nationalit\u00e9 d'origine. En 2018, au d\u00e9c\u00e8s de son \u00e9pouse, le recourant est revenu vivre en Suisse, apr\u00e8s avoir pass\u00e9 onze ann\u00e9es en France. Il a obtenu une autorisation de s\u00e9jour UE/AELE valable jusqu'au 24 mars 2024. Employ\u00e9 en qualit\u00e9 de chauffeur-livreur, il a \u00e9t\u00e9 licienci\u00e9 durant le temps d'essai et a ensuite connu un \u00e9pisode de d\u00e9pression impliquant une incapacit\u00e9 de travail d'environ un mois. Sans ressources, il a requis l'aide sociale, qui lui a \u00e9t\u00e9 refus\u00e9e. Recours rejet\u00e9 : la r\u00e9glementation en vigueur (qu'il s'agisse de l'ALCP ou de la LEI) est claire et permet de refuser le b\u00e9n\u00e9fice de l'aide sociale d\u00e8s lors que le recourant s\u00e9journe dans le canton de Vaud depuis moins d'une ann\u00e9e et a \u00e9t\u00e9 licenci\u00e9 avant cette \u00e9ch\u00e9ance sans lien avec une incapacit\u00e9 temporaire de travail due \u00e0 une malaldie, un accident ou une invalidit\u00e9 et sans se trouver en incapacit\u00e9 permanente de travail."}], "ScrapyJob": "446973/40/2238", "Zeit UTC": "10.04.2026 21:38:34", "Checksum": "82e613bae4fcc1aec6428ae3e183dd42"}