{"Signatur": "VD_TC_031", "Spider": "VD_Omni", "Sprache": "fr", "Datum": "2023-07-11", "HTML": {"Datei": "VD_Omni/VD_TC_031_PS-2023-0013_2023-07-11.html", "URL": "http://www.jurisprudence.vd.ch/scripts/nph-omniscgi.exe?OmnisPlatform=WINDOWS&WebServerUrl=&WebServerScript=/scripts/nph-omniscgi.exe&OmnisLibrary=JURISWEB&OmnisClass=rtFindinfoWebHtmlService&OmnisServer=7001&Parametername=WWW_V4&Schema=VD_TA_WEB&Source=search.fiw&Aufruf=getMarkupDocument&cSprache=FRE&nF30_KEY=182696&W10_KEY=10550255&nTrefferzeile=15&Template=search/standard/results/document.fiw", "Checksum": "beee41472df9ea1e44877a0e7e90eb32"}, "Scrapedate": "2023-01-01", "Num": ["PS.2023.0013"], "Kopfzeile": [{"Sprachen": ["fr", "de", "it"], "Text": "Vaud Tribunal cantonal Cour de droit administratif et public 11.07.2023 PS.2023.0013"}], "Meta": [{"Sprachen": ["de"], "Text": "Waadt  Cour de droit administratif et public"}, {"Sprachen": ["fr"], "Text": "Vaud Tribunal cantonal Cour de droit administratif et public"}, {"Sprachen": ["it"], "Text": "Vaud  Cour de droit administratif et public"}], "Abstract": [{"Sprachen": ["de", "fr", "it"], "Text": "A.________/Direction g\u00e9n\u00e9rale de l'emploi et du march\u00e9 du travail (DGEM) | Calcul du droit aux prestations selon le r\u00e9gime cantonal de l'assurance perte de gain maladie (APGM). L'imputation des indemnit\u00e9s journali\u00e8res per\u00e7ues dans le canton de Gen\u00e8ve - qui a instaur\u00e9 un r\u00e9gime correspondant \u00e0 celui de l'APGM vaudoise - n'est pas contraire au droit cantonal (consid. 2d).\r"}], "ScrapyJob": "446973/40/2238", "Zeit UTC": "10.04.2026 20:59:31", "Checksum": "24022d72f2d34b67efa99698a4cb2b16"}