{"Signatur": "VD_TC_031", "Spider": "VD_Omni", "Sprache": "fr", "Datum": "2023-09-26", "HTML": {"Datei": "VD_Omni/VD_TC_031_PS-2023-0040_2023-09-26.html", "URL": "http://www.jurisprudence.vd.ch/scripts/nph-omniscgi.exe?OmnisPlatform=WINDOWS&WebServerUrl=&WebServerScript=/scripts/nph-omniscgi.exe&OmnisLibrary=JURISWEB&OmnisClass=rtFindinfoWebHtmlService&OmnisServer=7001&Parametername=WWW_V4&Schema=VD_TA_WEB&Source=search.fiw&Aufruf=getMarkupDocument&cSprache=FRE&nF30_KEY=182950&W10_KEY=10550255&nTrefferzeile=16&Template=search/standard/results/document.fiw", "Checksum": "f7ebad792488de0c4f27ca6e37029967"}, "Scrapedate": "2023-01-01", "Num": ["PS.2023.0040"], "Kopfzeile": [{"Sprachen": ["fr", "de", "it"], "Text": "Vaud Tribunal cantonal Cour de droit administratif et public 26.09.2023 PS.2023.0040"}], "Meta": [{"Sprachen": ["de"], "Text": "Waadt  Cour de droit administratif et public"}, {"Sprachen": ["fr"], "Text": "Vaud Tribunal cantonal Cour de droit administratif et public"}, {"Sprachen": ["it"], "Text": "Vaud  Cour de droit administratif et public"}], "Abstract": [{"Sprachen": ["de", "fr", "it"], "Text": "A.________ /D\u00e9partement de l'\u00e9conomie, de l'innovation, de l'emploi et, EVAM, Etablissement vaudois d'accueil des migrants, Service de la population (SPOP) | En principe, l'aide d'urgence est allou\u00e9e sous forme de prestation en nature et comprend le logement, en r\u00e8gle g\u00e9n\u00e9rale dans un lieu d'h\u00e9bergement collectif. Les b\u00e9n\u00e9ficiaires de l'aide d'urgence n'ont en cons\u00e9quence pas droit au remboursement de leur loyer en bail priv\u00e9, sauf exception. Il n'y a pas d'exception dans le cas particulier, car la situation m\u00e9dicale et personnelle de la recourante, dont il est \u00e9tabli qu'elle pouvait r\u00e9sider dans un h\u00e9bergement collectif, sur un \u00e9tage r\u00e9serv\u00e9 aux femmes et \u00e0 qui on a propos\u00e9 plusieurs solutions en modifiant la localisation du foyer d'accueil initial et en lui mettant \u00e0 disposition une chambre individuelle, ce qu'elle a refus\u00e9, ne le justifie pas. C'est en cons\u00e9quence sans abuser de son pouvoir d'appr\u00e9ciation que l'EVAM a refus\u00e9 de prendre en charge des frais de logement priv\u00e9."}], "ScrapyJob": "446973/40/2238", "Zeit UTC": "10.04.2026 21:00:08", "Checksum": "6abda359d3ffb91f9c17d3eca54d08b6"}