{"Signatur": "VD_TC_031", "Spider": "VD_Omni", "Sprache": "fr", "Datum": "2024-04-29", "HTML": {"Datei": "VD_Omni/VD_TC_031_PS-2023-0074_2024-04-29.html", "URL": "http://www.jurisprudence.vd.ch/scripts/nph-omniscgi.exe?OmnisPlatform=WINDOWS&WebServerUrl=&WebServerScript=/scripts/nph-omniscgi.exe&OmnisLibrary=JURISWEB&OmnisClass=rtFindinfoWebHtmlService&OmnisServer=7001&Parametername=WWW_V4&Schema=VD_TA_WEB&Source=search.fiw&Aufruf=getMarkupDocument&cSprache=FRE&nF30_KEY=183752&W10_KEY=10550255&nTrefferzeile=14&Template=search/standard/results/document.fiw", "Checksum": "d30f0dc22532aa287a1d0078734f2498"}, "Scrapedate": "2023-01-01", "Num": ["PS.2023.0074"], "Kopfzeile": [{"Sprachen": ["fr", "de", "it"], "Text": "Vaud Tribunal cantonal Cour de droit administratif et public 29.04.2024 PS.2023.0074"}], "Meta": [{"Sprachen": ["de"], "Text": "Waadt  Cour de droit administratif et public"}, {"Sprachen": ["fr"], "Text": "Vaud Tribunal cantonal Cour de droit administratif et public"}, {"Sprachen": ["it"], "Text": "Vaud  Cour de droit administratif et public"}], "Abstract": [{"Sprachen": ["de", "fr", "it"], "Text": "A.________/Centre R\u00e9gional de D\u00e9cision PC Familles Broye-Vully | Recours contre deux d\u00e9cisions successives dans lesquelles le CRD a refus\u00e9 \u00e0 la recourante le remboursement des frais de garde de ses deux enfants, au motif que son activit\u00e9 professionnelle ne g\u00e9n\u00e8re aucun revenu. \r\rConstat qu'il n'y a pas de lien entre une activit\u00e9 lucrative et les frais de garde.\r\rCela \u00e9tant, l'autorit\u00e9 intim\u00e9e a rembours\u00e9 pendant plusieurs mois les frais de garde de la recourante alors m\u00eame qu'elle avait indiqu\u00e9 spontan\u00e9ment qu'elle ne r\u00e9aliserait pas imm\u00e9diatement un revenu. Le CRD a ainsi donn\u00e9 des assurances concr\u00e8tes \u00e0 la recourante. Celle-ci n'avait pas de raison de penser que les frais de garde ne lui seraient plus rembours\u00e9s \u00e0 la rentr\u00e9e scolaire puisque sa situation professionnelle n'avait pas chang\u00e9 et qu'elle se trouvait encore dans une phase de d\u00e9veloppement de sa soci\u00e9t\u00e9. \r\rLa recourante est fond\u00e9e \u00e0 invoquer la protection de sa bonne foi pour les frais de garde encourus jusqu'\u00e0 la premi\u00e8re d\u00e9cision qui lui en a refus\u00e9 le remboursement.\r\rAdmission du recours. \r"}], "ScrapyJob": "446973/40/2238", "Zeit UTC": "10.04.2026 20:51:51", "Checksum": "6fb36785c7694a71340c6d3b7d015bb8"}