{"Signatur": "VD_TC_031", "Spider": "VD_Omni", "Sprache": "fr", "Datum": "2025-09-17", "HTML": {"Datei": "VD_Omni/VD_TC_031_PS-2025-0051_2025-09-17.html", "URL": "http://www.jurisprudence.vd.ch/scripts/nph-omniscgi.exe?OmnisPlatform=WINDOWS&WebServerUrl=&WebServerScript=/scripts/nph-omniscgi.exe&OmnisLibrary=JURISWEB&OmnisClass=rtFindinfoWebHtmlService&OmnisServer=7001&Parametername=WWW_V4&Schema=VD_TA_WEB&Source=search.fiw&Aufruf=getMarkupDocument&cSprache=FRE&nF30_KEY=185453&W10_KEY=10594047&nTrefferzeile=8&Template=search/standard/results/document.fiw", "Checksum": "1e3a8567dd5f9073b846d529ecb2c7d7"}, "Scrapedate": "2023-01-01", "Num": ["PS.2025.0051"], "Kopfzeile": [{"Sprachen": ["fr", "de", "it"], "Text": "Vaud Tribunal cantonal Cour de droit administratif et public 17.09.2025 PS.2025.0051"}], "Meta": [{"Sprachen": ["de"], "Text": "Waadt  Cour de droit administratif et public"}, {"Sprachen": ["fr"], "Text": "Vaud Tribunal cantonal Cour de droit administratif et public"}, {"Sprachen": ["it"], "Text": "Vaud  Cour de droit administratif et public"}], "Abstract": [{"Sprachen": ["de", "fr", "it"], "Text": "A.________/Direction g\u00e9n\u00e9rale de la coh\u00e9sion sociale (DGCS), Centre social r\u00e9gional de Bex | Le recourant, b\u00e9n\u00e9ficiaire du RI depuis 2009 et propri\u00e9taire d'un chalet dans lequel il vit, demande au CSR, pour la premi\u00e8re fois en f\u00e9vrier 2025, le remboursement de l'imp\u00f4t foncier et des frais de chauffage dont il s'est acquitt\u00e9 durant les ann\u00e9es 2009 \u00e0 2018, puis de 2022 \u00e0 2024. D\u00e8s lors que la prise en charge r\u00e9troactive de ces frais ne serait pas de nature \u00e0 \u00e9viter la survenance d'un dommage pour le recourant, il n'y a pas de raison de d\u00e9roger au principe selon lequel les situations de carence d\u00e9j\u00e0 surmont\u00e9es ne donnent pas droit \u00e0 des prestations r\u00e9troactives (application du principe de subsidiairit\u00e9 de l'aide sociale). De plus, selon la jurisprudence, il n'appartient pas \u00e0 l'autorit\u00e9 d'\u00e9tablir un besoin d'aide pour les frais particuliers ni d'informer particuli\u00e8rement les b\u00e9n\u00e9ficiaires au sujet de ces frais. Recours rejet\u00e9.\rRecours au TF d\u00e9clar\u00e9 irrecevable par arr\u00eat du 19 novembre 2025 (8C_561/2025)."}], "ScrapyJob": "446973/40/2254", "Zeit UTC": "26.04.2026 01:40:20", "Checksum": "26733fab9b2957d81b6f833570bd8a79"}