{"Signatur": "VD_TC_031", "Spider": "VD_Omni", "Sprache": "fr", "Datum": "2025-10-15", "HTML": {"Datei": "VD_Omni/VD_TC_031_PS-2025-0069_2025-10-15.html", "URL": "http://www.jurisprudence.vd.ch/scripts/nph-omniscgi.exe?OmnisPlatform=WINDOWS&WebServerUrl=&WebServerScript=/scripts/nph-omniscgi.exe&OmnisLibrary=JURISWEB&OmnisClass=rtFindinfoWebHtmlService&OmnisServer=7001&Parametername=WWW_V4&Schema=VD_TA_WEB&Source=search.fiw&Aufruf=getMarkupDocument&cSprache=FRE&nF30_KEY=185575&W10_KEY=10594047&nTrefferzeile=24&Template=search/standard/results/document.fiw", "Checksum": "d7bb5d42bb906713a6c6b849f9dc9b08"}, "Scrapedate": "2023-01-01", "Num": ["PS.2025.0069"], "Kopfzeile": [{"Sprachen": ["fr", "de", "it"], "Text": "Vaud Tribunal cantonal Cour de droit administratif et public 15.10.2025 PS.2025.0069"}], "Meta": [{"Sprachen": ["de"], "Text": "Waadt  Cour de droit administratif et public"}, {"Sprachen": ["fr"], "Text": "Vaud Tribunal cantonal Cour de droit administratif et public"}, {"Sprachen": ["it"], "Text": "Vaud  Cour de droit administratif et public"}], "Abstract": [{"Sprachen": ["de", "fr", "it"], "Text": "A.________/Service de la population Division asile | Le recourant, requ\u00e9rant d'asile d\u00e9bout\u00e9 attribu\u00e9 au canton de Lucerne, s\u00e9journe ill\u00e9galement dans le canton de Vaud depuis 2010. C'est \u00e0 juste titre que le SPOP a refus\u00e9 de lui octroyer l'aide d'urgence, en application du principe de subsidiarit\u00e9. En effet, il appartient au recourant de requ\u00e9rir cette aide dans le canton de Lucerne, qui reste son canton d'attribution jusqu'\u00e0 son renvoi de Suisse. Si le recourant estime se trouver dans une situation exceptionnelle qui justifierait le changement de canton, il doit s'adresser \u00e0 l'autorit\u00e9 comp\u00e9tente (le SEM) pour obtenir ce changement. Recours rejet\u00e9.\rRecours au TF pendant 8C_663/2025."}], "ScrapyJob": "446973/40/2254", "Zeit UTC": "26.04.2026 01:40:46", "Checksum": "9fc1e4d753c9bb311392c908d5b00522"}