{"Signatur": "VD_TC_031", "Spider": "VD_Omni", "Sprache": "fr", "Datum": "2008-08-26", "HTML": {"Datei": "VD_Omni/VD_TC_031_RE-2008-0014_2008-08-26.html", "URL": "http://www.jurisprudence.vd.ch/scripts/nph-omniscgi.exe?OmnisPlatform=WINDOWS&WebServerUrl=&WebServerScript=/scripts/nph-omniscgi.exe&OmnisLibrary=JURISWEB&OmnisClass=rtFindinfoWebHtmlService&OmnisServer=7001&Parametername=WWW_V4&Schema=VD_TA_WEB&Source=search.fiw&Aufruf=getMarkupDocument&cSprache=FRE&nF30_KEY=160190&W10_KEY=10550255&nTrefferzeile=47&Template=search/standard/results/document.fiw", "Checksum": "04e65684f408dbeb46290e8f549590e2"}, "Scrapedate": "2023-01-01", "Num": ["RE.2008.0014"], "Kopfzeile": [{"Sprachen": ["fr", "de", "it"], "Text": "Vaud Tribunal cantonal Cour de droit administratif et public 26.08.2008 RE.2008.0014"}], "Meta": [{"Sprachen": ["de"], "Text": "Waadt  Cour de droit administratif et public"}, {"Sprachen": ["fr"], "Text": "Vaud Tribunal cantonal Cour de droit administratif et public"}, {"Sprachen": ["it"], "Text": "Vaud  Cour de droit administratif et public"}], "Abstract": [{"Sprachen": ["de", "fr", "it"], "Text": "NEMACO FLECHERES BV/le Juge instructeur (AZ) du recours au fond, GRAF, Municipalit\u00e9 d'Eysins | En mati\u00e8re de construction, l'octroi de l'effet suspensif est la r\u00e8gle dont il ne faut s'\u00e9carter que pour des motifs particuli\u00e8rement qualifi\u00e9s ; notamment lorsqu'un int\u00e9r\u00eat public ou priv\u00e9 commande l'ex\u00e9cution imm\u00e9diate de la d\u00e9cision ou lorsque le recours appara\u00eet d'embl\u00e9e manifestement mal fond\u00e9. Mais le seul pr\u00e9judice financier du constructeur ne suffit en principe pas \u00e0 justifier le retrait ou le refus de l'effet suspensif. C'est en d\u00e9finitive dans le cadre d'une pes\u00e9e d'int\u00e9r\u00eats qu'il convient de d\u00e9terminer si l'effet suspensif peut \u00eatre accord\u00e9, retir\u00e9 ou restitu\u00e9 au recours. En l'esp\u00e8ce, pas de circonstances exceptionnelles justifiant le refus ou le retrait de l'effet suspensif. Si l'int\u00e9r\u00eat public au d\u00e9veloppement \u00e9conomique de la r\u00e9gion conforme au plan directeur r\u00e9gional est \u00e9vident et non contest\u00e9, il ne justifie pas \u00e0 lui seul l'urgence de la r\u00e9alisation imm\u00e9diate des travaux. Enfin, le grief du recourant au fond selon lequel la destination des constructions pr\u00e9vues en surfaces de bureaux ne serait pas conforme \u00e0 une affectation industrielle et commerciale de la zone, ne saurait \u00eatre qualifi\u00e9 de manifestement mal fond\u00e9."}], "ScrapyJob": "446973/40/2238", "Zeit UTC": "11.04.2026 01:07:27", "Checksum": "3b5c6b656ff86a9eae264a7181d360a0"}