{"Signatur": "VD_TC_031", "Spider": "VD_Omni", "Sprache": "fr", "Datum": "2025-08-20", "HTML": {"Datei": "VD_Omni/VD_TC_031_RE-2025-0003_2025-08-20.html", "URL": "http://www.jurisprudence.vd.ch/scripts/nph-omniscgi.exe?OmnisPlatform=WINDOWS&WebServerUrl=&WebServerScript=/scripts/nph-omniscgi.exe&OmnisLibrary=JURISWEB&OmnisClass=rtFindinfoWebHtmlService&OmnisServer=7001&Parametername=WWW_V4&Schema=VD_TA_WEB&Source=search.fiw&Aufruf=getMarkupDocument&cSprache=FRE&nF30_KEY=185362&W10_KEY=10594047&nTrefferzeile=24&Template=search/standard/results/document.fiw", "Checksum": "8be7a5c0c8156d174ec2ab8235081ff5"}, "Scrapedate": "2023-01-01", "Num": ["RE.2025.0003"], "Kopfzeile": [{"Sprachen": ["fr", "de", "it"], "Text": "Vaud Tribunal cantonal Cour de droit administratif et public 20.08.2025 RE.2025.0003"}], "Meta": [{"Sprachen": ["de"], "Text": "Waadt  Cour de droit administratif et public"}, {"Sprachen": ["fr"], "Text": "Vaud Tribunal cantonal Cour de droit administratif et public"}, {"Sprachen": ["it"], "Text": "Vaud  Cour de droit administratif et public"}], "Abstract": [{"Sprachen": ["de", "fr", "it"], "Text": "A.________, B.________, C._________/Juge instructrice (ABR) du recours au fond, Direction g\u00e9n\u00e9rale de l'emploi et du march\u00e9 du travail - DGEM, Service de la population (SPOP) | Recours contre une d\u00e9cision refusant les mesures provisionnelles.\rLe recourant a fait le choix, pour des raisons personnelles, de d\u00e9buter une activit\u00e9 lucrative ind\u00e9pendante avant d'\u00eatre au b\u00e9n\u00e9fice d'une autorisation. Lui permettre d'exploiter son entreprise durant la proc\u00e9dure de recours contre le refus d'autorisation reviendrait \u00e0 valider la \"politique du fait accompli\". L'int\u00e9r\u00eat public au respect de la loi prime son int\u00e9r\u00eat priv\u00e9 \u00e0 exploiter son entreprise. \rLe recourant ne fait pas \u00e9tat d'autres int\u00e9r\u00eats priv\u00e9s qui justifieraient qu'il soit autoris\u00e9 \u00e0 demeurer en Suisse. \rEn outre, la d\u00e9cision attaqu\u00e9e n'appara\u00eet pas, sur la base d'un examen prima facie, comme \u00e9tant manifestement mal fond\u00e9e. \rRejet du recours. Recours au TF d\u00e9clar\u00e9 irrecevable par arr\u00eat 2C_559/2025 du 17 d\u00e9cembre 2025."}], "ScrapyJob": "446973/40/2254", "Zeit UTC": "26.04.2026 01:39:50", "Checksum": "77554f6802a03d4a6c24506026c0ebbc"}