{"Signatur": "ZH_SVG_001", "Spider": "ZH_Sozialversicherungsgericht", "Sprache": "de", "Datum": "2019-06-28", "HTML": {"Datei": "ZH_Sozialversicherungsgericht/ZH_SVG_001_AB-2018-00045_2019-06-28.html", "URL": "https://findex.webgate.cloud/entscheide/AB.2018.00045.html", "Checksum": "7847d20c333b6e2c843da86f343ecb2a"}, "Scrapedate": "2023-01-01", "Num": ["AB.2018.00045"], "Kopfzeile": [{"Sprachen": ["de"], "Text": "Z\u00fcrich Sozialversicherungsgericht 28.06.2019 AB.2018.00045"}, {"Sprachen": ["fr"], "Text": "Zurich Sozialversicherungsgericht 28.06.2019 AB.2018.00045"}, {"Sprachen": ["it"], "Text": "Zurigo Sozialversicherungsgericht 28.06.2019 AB.2018.00045"}], "Meta": [{"Sprachen": ["de"], "Text": "Z\u00fcrich Sozialversicherungsgericht "}, {"Sprachen": ["fr"], "Text": "Zurich Sozialversicherungsgericht "}, {"Sprachen": ["it"], "Text": "Zurigo Sozialversicherungsgericht "}], "Abstract": [{"Sprachen": ["de", "fr", "it"], "Text": "Beitr\u00e4ge f\u00fcr selbst\u00e4ndige Erwerbst\u00e4tigkeit der Jahre 2013 und 2014.\u00a0Die Beitr\u00e4ge sind insgesamt herabzusetzen aufgrund der neuen Meldung des kantonalen Steueramts."}], "ScrapyJob": "446973/33/1864", "Zeit UTC": "06.05.2025 03:43:46", "Checksum": "5b20ad7a789cf7343ee3e9577278da1b"}