{"Signatur": "ZH_SVG_001", "Spider": "ZH_Sozialversicherungsgericht", "Sprache": "de", "Datum": "2005-06-27", "HTML": {"Datei": "ZH_Sozialversicherungsgericht/ZH_SVG_001_AL-2004-00428_2005-06-27.html", "URL": "https://chid003d.ideso.ch/c050018/svg/findexweb.nsf/urteil.xsp?uid=UWEE-9AQMYK", "Checksum": "81675678aaf72b16b13d6fee9ca0e245"}, "Num": ["AL.2004.00428"], "Kopfzeile": [{"Sprachen": ["de"], "Text": "Z\u00fcrich Sozialverischerungsgericht 27.06.2005 AL.2004.00428"}, {"Sprachen": ["fr"], "Text": "Zurich Sozialverischerungsgericht 27.06.2005 AL.2004.00428"}, {"Sprachen": ["it"], "Text": "Zurigo Sozialverischerungsgericht 27.06.2005 AL.2004.00428"}], "Meta": [{"Sprachen": ["de"], "Text": "Z\u00fcrich Sozialverischerungsgericht "}, {"Sprachen": ["fr"], "Text": "Zurich Sozialverischerungsgericht "}, {"Sprachen": ["it"], "Text": "Zurigo Sozialverischerungsgericht "}], "Abstract": [{"Sprachen": ["de", "fr", "it"], "Text": "Erstreckung der Rahmenfrist f\u00fcr den Leistungsbezug i.c. verneint, da nach dem Bezug der besonderen Taggelder keine selbstst\u00e4ndige Erwerbst\u00e4tigkeit aufgenommen worden ist"}], "ScrapyJob": "446973/33/117", "Zeit UTC": "21.02.2021 00:07:54", "Checksum": "04df3d93d29facfc362e5ce5a5636a91"}