{"Signatur": "ZH_SVG_001", "Spider": "ZH_Sozialversicherungsgericht", "Sprache": "de", "Datum": "2006-08-17", "HTML": {"Datei": "ZH_Sozialversicherungsgericht/ZH_SVG_001_AL-2005-00330_2006-08-17.html", "URL": "https://chid003d.ideso.ch/c050018/svg/findexweb.nsf/urteil.xsp?uid=UWEE-9AQQ74", "Checksum": "86970e0f71ef5eca5db3be0db4060efd"}, "Num": ["AL.2005.00330"], "Kopfzeile": [{"Sprachen": ["de"], "Text": "Z\u00fcrich Sozialverischerungsgericht 17.08.2006 AL.2005.00330"}, {"Sprachen": ["fr"], "Text": "Zurich Sozialverischerungsgericht 17.08.2006 AL.2005.00330"}, {"Sprachen": ["it"], "Text": "Zurigo Sozialverischerungsgericht 17.08.2006 AL.2005.00330"}], "Meta": [{"Sprachen": ["de"], "Text": "Z\u00fcrich Sozialverischerungsgericht "}, {"Sprachen": ["fr"], "Text": "Zurich Sozialverischerungsgericht "}, {"Sprachen": ["it"], "Text": "Zurigo Sozialverischerungsgericht "}], "Abstract": [{"Sprachen": ["de", "fr", "it"], "Text": "Beginn der Rahmenfrist? Beitragszeit bei Tempor\u00e4r- und Festanstellung, Befreiung bei Arbeitsunf\u00e4higkeit: Keine Kumulation, deshalb ungen\u00fcgende Beitragszeit."}], "ScrapyJob": "446973/33/117", "Zeit UTC": "21.02.2021 01:08:00", "Checksum": "0858c682627f99707d464f4f8a6aca24"}