{"Signatur": "ZH_SVG_001", "Spider": "ZH_Sozialversicherungsgericht", "Sprache": "de", "Datum": "2010-08-31", "HTML": {"Datei": "ZH_Sozialversicherungsgericht/ZH_SVG_001_AL-2008-00225_2010-08-31.html", "URL": "https://chid003d.ideso.ch/c050018/svg/findexweb.nsf/urteil.xsp?uid=UWEE-9AR5AN", "Checksum": "2f1e40157eb18c38d4a4b18b184f95d0"}, "Num": ["AL.2008.00225"], "Kopfzeile": [{"Sprachen": ["de"], "Text": "Z\u00fcrich Sozialverischerungsgericht 31.08.2010 AL.2008.00225"}, {"Sprachen": ["fr"], "Text": "Zurich Sozialverischerungsgericht 31.08.2010 AL.2008.00225"}, {"Sprachen": ["it"], "Text": "Zurigo Sozialverischerungsgericht 31.08.2010 AL.2008.00225"}], "Meta": [{"Sprachen": ["de"], "Text": "Z\u00fcrich Sozialverischerungsgericht "}, {"Sprachen": ["fr"], "Text": "Zurich Sozialverischerungsgericht "}, {"Sprachen": ["it"], "Text": "Zurigo Sozialverischerungsgericht "}], "Abstract": [{"Sprachen": ["de", "fr", "it"], "Text": "Keine Befreiung von der Erf\u00fcllung der Beitragszeit wegen Krankheit, da der Versicherte in einer angepassten T\u00e4tigkeit arbeitsf\u00e4hig war;"}], "ScrapyJob": "446973/33/117", "Zeit UTC": "21.02.2021 00:58:52", "Checksum": "f37ef4add32ee8998b1b402b61ca374e"}