{"Signatur": "ZH_SVG_001", "Spider": "ZH_Sozialversicherungsgericht", "Sprache": "de", "Datum": "2009-08-17", "HTML": {"Datei": "ZH_Sozialversicherungsgericht/ZH_SVG_001_AL-2009-00135_2009-08-17.html", "URL": "https://chid003d.ideso.ch/c050018/svg/findexweb.nsf/urteil.xsp?uid=UWEE-9AR2AD", "Checksum": "28c92a9447d445e5559bb5895f58a8ec"}, "Num": ["AL.2009.00135"], "Kopfzeile": [{"Sprachen": ["de"], "Text": "Z\u00fcrich Sozialverischerungsgericht 17.08.2009 AL.2009.00135"}, {"Sprachen": ["fr"], "Text": "Zurich Sozialverischerungsgericht 17.08.2009 AL.2009.00135"}, {"Sprachen": ["it"], "Text": "Zurigo Sozialverischerungsgericht 17.08.2009 AL.2009.00135"}], "Meta": [{"Sprachen": ["de"], "Text": "Z\u00fcrich Sozialverischerungsgericht "}, {"Sprachen": ["fr"], "Text": "Zurich Sozialverischerungsgericht "}, {"Sprachen": ["it"], "Text": "Zurigo Sozialverischerungsgericht "}], "Abstract": [{"Sprachen": ["de", "fr", "it"], "Text": "Vermittlungsf\u00e4higkeit und selbst\u00e4ndige Erwerbst\u00e4tigkeit. Verl\u00e4ngerung der Rahmenfrist f\u00fcr Leistungsbezug."}], "ScrapyJob": "446973/33/117", "Zeit UTC": "21.02.2021 00:56:07", "Checksum": "ddbc4e8c4bbb1eac1a01d4d1265fecf7"}