{"Signatur": "ZH_SVG_001", "Spider": "ZH_Sozialversicherungsgericht", "Sprache": "de", "Datum": "2009-10-28", "HTML": {"Datei": "ZH_Sozialversicherungsgericht/ZH_SVG_001_AL-2009-00218_2009-10-28.html", "URL": "https://chid003d.ideso.ch/c050018/svg/findexweb.nsf/urteil.xsp?uid=UWEE-9AR2YD", "Checksum": "a3482e5b432ee8f1e98d0f70f2390632"}, "Num": ["AL.2009.00218"], "Kopfzeile": [{"Sprachen": ["de"], "Text": "Z\u00fcrich Sozialverischerungsgericht 28.10.2009 AL.2009.00218"}, {"Sprachen": ["fr"], "Text": "Zurich Sozialverischerungsgericht 28.10.2009 AL.2009.00218"}, {"Sprachen": ["it"], "Text": "Zurigo Sozialverischerungsgericht 28.10.2009 AL.2009.00218"}], "Meta": [{"Sprachen": ["de"], "Text": "Z\u00fcrich Sozialverischerungsgericht "}, {"Sprachen": ["fr"], "Text": "Zurich Sozialverischerungsgericht "}, {"Sprachen": ["it"], "Text": "Zurigo Sozialverischerungsgericht "}], "Abstract": [{"Sprachen": ["de", "fr", "it"], "Text": "Rahmenfrist f\u00fcr die Beitragszeit: Keine Anrechnung ausl\u00e4ndischer Erwerbszeit, die im Ausland rechtskr\u00e4ftig als selbst\u00e4ndige Erwerbst\u00e4tigkeit qualifiziert wurde"}], "ScrapyJob": "446973/33/117", "Zeit UTC": "21.02.2021 00:56:08", "Checksum": "aa0c8780c4eb35157a3399fdbcb27cd7"}