{"Signatur": "ZH_SVG_001", "Spider": "ZH_Sozialversicherungsgericht", "Sprache": "de", "Datum": "2009-12-07", "HTML": {"Datei": "ZH_Sozialversicherungsgericht/ZH_SVG_001_AL-2009-00242_2009-12-07.html", "URL": "https://chid003d.ideso.ch/c050018/svg/findexweb.nsf/urteil.xsp?uid=UWEE-9AR2YG", "Checksum": "6e51ce85afe051ecfaa70161423e4555"}, "Num": ["AL.2009.00242"], "Kopfzeile": [{"Sprachen": ["de"], "Text": "Z\u00fcrich Sozialverischerungsgericht 07.12.2009 AL.2009.00242"}, {"Sprachen": ["fr"], "Text": "Zurich Sozialverischerungsgericht 07.12.2009 AL.2009.00242"}, {"Sprachen": ["it"], "Text": "Zurigo Sozialverischerungsgericht 07.12.2009 AL.2009.00242"}], "Meta": [{"Sprachen": ["de"], "Text": "Z\u00fcrich Sozialverischerungsgericht "}, {"Sprachen": ["fr"], "Text": "Zurich Sozialverischerungsgericht "}, {"Sprachen": ["it"], "Text": "Zurigo Sozialverischerungsgericht "}], "Abstract": [{"Sprachen": ["de", "fr", "it"], "Text": "Verl\u00e4ngerung der Rahmenfristen nach Aufgabe einer selbst\u00e4ndigen Erwerbst\u00e4tigkeit"}], "ScrapyJob": "446973/33/117", "Zeit UTC": "21.02.2021 00:56:11", "Checksum": "ff54ed4ff585434752eb4259e63c9aab"}