{"Signatur": "ZH_SVG_001", "Spider": "ZH_Sozialversicherungsgericht", "Sprache": "de", "Datum": "2011-11-29", "HTML": {"Datei": "ZH_Sozialversicherungsgericht/ZH_SVG_001_AL-2011-00111_2011-11-29.html", "URL": "https://chid003d.ideso.ch/c050018/svg/findexweb.nsf/urteil.xsp?uid=UWEE-9AR7AX", "Checksum": "60b6c0843bddc97298ecb5eb5ddc328d"}, "Num": ["AL.2011.00111"], "Kopfzeile": [{"Sprachen": ["de"], "Text": "Z\u00fcrich Sozialverischerungsgericht 29.11.2011 AL.2011.00111"}, {"Sprachen": ["fr"], "Text": "Zurich Sozialverischerungsgericht 29.11.2011 AL.2011.00111"}, {"Sprachen": ["it"], "Text": "Zurigo Sozialverischerungsgericht 29.11.2011 AL.2011.00111"}], "Meta": [{"Sprachen": ["de"], "Text": "Z\u00fcrich Sozialverischerungsgericht "}, {"Sprachen": ["fr"], "Text": "Zurich Sozialverischerungsgericht "}, {"Sprachen": ["it"], "Text": "Zurigo Sozialverischerungsgericht "}], "Abstract": [{"Sprachen": ["de", "fr", "it"], "Text": "Beitragszeit: bei unregelm\u00e4ssiger Arbeitsleistung ist die formale Dauer des Arbeitsverh\u00e4ltnisses f\u00fcr die Bestimmung der Beitragsmonate massgebend."}], "ScrapyJob": "446973/33/117", "Zeit UTC": "21.02.2021 00:50:28", "Checksum": "810ca2c62a5a8a93eb994d13ad3fde55"}