{"Signatur": "ZH_SVG_001", "Spider": "ZH_Sozialversicherungsgericht", "Sprache": "de", "Datum": "2011-10-28", "HTML": {"Datei": "ZH_Sozialversicherungsgericht/ZH_SVG_001_AL-2011-00222_2011-10-28.html", "URL": "https://chid003d.ideso.ch/c050018/svg/findexweb.nsf/urteil.xsp?uid=UWEE-9AR6YY", "Checksum": "3075618de697ddfbb4524c7fa3fa0278"}, "Num": ["AL.2011.00222"], "Kopfzeile": [{"Sprachen": ["de"], "Text": "Z\u00fcrich Sozialverischerungsgericht 28.10.2011 AL.2011.00222"}, {"Sprachen": ["fr"], "Text": "Zurich Sozialverischerungsgericht 28.10.2011 AL.2011.00222"}, {"Sprachen": ["it"], "Text": "Zurigo Sozialverischerungsgericht 28.10.2011 AL.2011.00222"}], "Meta": [{"Sprachen": ["de"], "Text": "Z\u00fcrich Sozialverischerungsgericht "}, {"Sprachen": ["fr"], "Text": "Zurich Sozialverischerungsgericht "}, {"Sprachen": ["it"], "Text": "Zurigo Sozialverischerungsgericht "}], "Abstract": [{"Sprachen": ["de", "fr", "it"], "Text": "Kein Leistungsanspruch bei vorzeitiger Pensionierung, da die K\u00fcndigung weder aus wirtschaftlichen Gr\u00fcnden noch aus zwigenden Gr\u00fcnden des BVG erfolgte"}], "ScrapyJob": "446973/33/117", "Zeit UTC": "21.02.2021 00:50:30", "Checksum": "bcef50b517a70934cb5dd3484b998c65"}