{"Signatur": "ZH_SVG_001", "Spider": "ZH_Sozialversicherungsgericht", "Sprache": "de", "Datum": "2012-10-09", "HTML": {"Datei": "ZH_Sozialversicherungsgericht/ZH_SVG_001_AL-2011-00302_2012-10-09.html", "URL": "https://chid003d.ideso.ch/c050018/svg/findexweb.nsf/urteil.xsp?uid=UWEE-9AR8SR", "Checksum": "9151d1862aa3d817eae8bd2e4a5f6613"}, "Num": ["AL.2011.00302"], "Kopfzeile": [{"Sprachen": ["de"], "Text": "Z\u00fcrich Sozialverischerungsgericht 09.10.2012 AL.2011.00302"}, {"Sprachen": ["fr"], "Text": "Zurich Sozialverischerungsgericht 09.10.2012 AL.2011.00302"}, {"Sprachen": ["it"], "Text": "Zurigo Sozialverischerungsgericht 09.10.2012 AL.2011.00302"}], "Meta": [{"Sprachen": ["de"], "Text": "Z\u00fcrich Sozialverischerungsgericht "}, {"Sprachen": ["fr"], "Text": "Zurich Sozialverischerungsgericht "}, {"Sprachen": ["it"], "Text": "Zurigo Sozialverischerungsgericht "}], "Abstract": [{"Sprachen": ["de", "fr", "it"], "Text": "Verl\u00e4ngerung der Rahmenfrist f\u00fcr die Beitragszeit gem\u00e4ss Art. 9a Abs. 2 AVIG, Aufgabe der SE vor Anmeldung zum LB."}], "ScrapyJob": "446973/33/117", "Zeit UTC": "21.02.2021 00:50:31", "Checksum": "bca04c800a231594ff6405e2df9583c3"}