{"Signatur": "ZH_SVG_001", "Spider": "ZH_Sozialversicherungsgericht", "Sprache": "de", "Datum": "2012-11-22", "HTML": {"Datei": "ZH_Sozialversicherungsgericht/ZH_SVG_001_AL-2012-00157_2012-11-22.html", "URL": "https://chid003d.ideso.ch/c050018/svg/findexweb.nsf/urteil.xsp?uid=UWEE-9AR99F", "Checksum": "f50fc9864ea43dffaf0fb7acda331417"}, "Num": ["AL.2012.00157"], "Kopfzeile": [{"Sprachen": ["de"], "Text": "Z\u00fcrich Sozialverischerungsgericht 22.11.2012 AL.2012.00157"}, {"Sprachen": ["fr"], "Text": "Zurich Sozialverischerungsgericht 22.11.2012 AL.2012.00157"}, {"Sprachen": ["it"], "Text": "Zurigo Sozialverischerungsgericht 22.11.2012 AL.2012.00157"}], "Meta": [{"Sprachen": ["de"], "Text": "Z\u00fcrich Sozialverischerungsgericht "}, {"Sprachen": ["fr"], "Text": "Zurich Sozialverischerungsgericht "}, {"Sprachen": ["it"], "Text": "Zurigo Sozialverischerungsgericht "}], "Abstract": [{"Sprachen": ["de", "fr", "it"], "Text": "Verl\u00e4ngerung der Rahmenfrist f\u00fcr den Leistungsbezug um 2 Jahre bei Erziehung eines unter 10-j\u00e4hrigen Kindes und fehlender Mindestbeitragszeit"}], "ScrapyJob": "446973/33/117", "Zeit UTC": "21.02.2021 00:47:37", "Checksum": "99074f9fde669dd399629d936a21daa7"}