{"Signatur": "ZH_SVG_001", "Spider": "ZH_Sozialversicherungsgericht", "Sprache": "de", "Datum": "2013-06-18", "HTML": {"Datei": "ZH_Sozialversicherungsgericht/ZH_SVG_001_AL-2012-00331_2013-06-18.html", "URL": "https://chid003d.ideso.ch/c050018/svg/findexweb.nsf/urteil.xsp?uid=UWEE-9ARA6Q", "Checksum": "2523198e3c200e8a3d85cba80850d61c"}, "Num": ["AL.2012.00331"], "Kopfzeile": [{"Sprachen": ["de"], "Text": "Z\u00fcrich Sozialverischerungsgericht 18.06.2013 AL.2012.00331"}, {"Sprachen": ["fr"], "Text": "Zurich Sozialverischerungsgericht 18.06.2013 AL.2012.00331"}, {"Sprachen": ["it"], "Text": "Zurigo Sozialverischerungsgericht 18.06.2013 AL.2012.00331"}], "Meta": [{"Sprachen": ["de"], "Text": "Z\u00fcrich Sozialverischerungsgericht "}, {"Sprachen": ["fr"], "Text": "Zurich Sozialverischerungsgericht "}, {"Sprachen": ["it"], "Text": "Zurigo Sozialverischerungsgericht "}], "Abstract": [{"Sprachen": ["de", "fr", "it"], "Text": "Verl\u00e4ngerung der Rahmenfristen nach AVIG 9a; Abs. 1 und 2 stehen im Verh\u00e4ltnis der Exklusivit\u00e4t, nicht der Subsidiarit\u00e4t; Mindestbeitragszeit nicht erf\u00fcllt"}], "ScrapyJob": "446973/33/117", "Zeit UTC": "21.02.2021 00:47:38", "Checksum": "67ab3eaca812087965573f2d7a139f78"}