{"Signatur": "ZH_SVG_001", "Spider": "ZH_Sozialversicherungsgericht", "Sprache": "de", "Datum": "2013-03-06", "HTML": {"Datei": "ZH_Sozialversicherungsgericht/ZH_SVG_001_AL-2013-00013_2013-03-06.html", "URL": "https://chid003d.ideso.ch/c050018/svg/findexweb.nsf/urteil.xsp?uid=UWEE-9AR9NV", "Checksum": "e63786dcdc1d5cff7274cb067d625eaf"}, "Num": ["AL.2013.00013"], "Kopfzeile": [{"Sprachen": ["de"], "Text": "Z\u00fcrich Sozialverischerungsgericht 06.03.2013 AL.2013.00013"}, {"Sprachen": ["fr"], "Text": "Zurich Sozialverischerungsgericht 06.03.2013 AL.2013.00013"}, {"Sprachen": ["it"], "Text": "Zurigo Sozialverischerungsgericht 06.03.2013 AL.2013.00013"}], "Meta": [{"Sprachen": ["de"], "Text": "Z\u00fcrich Sozialverischerungsgericht "}, {"Sprachen": ["fr"], "Text": "Zurich Sozialverischerungsgericht "}, {"Sprachen": ["it"], "Text": "Zurigo Sozialverischerungsgericht "}], "Abstract": [{"Sprachen": ["de", "fr", "it"], "Text": "Beitragszeit von 22 Monaten f\u00fcr den H\u00f6chstanspruch von 520 Taggeldern nicht erf\u00fcllt; angesichts der erf\u00fcllten Beitragszeit von 18 Monaten bleibt es bei 400 Taggeldern"}], "ScrapyJob": "446973/33/117", "Zeit UTC": "21.02.2021 00:44:13", "Checksum": "b5ede6b7103f3c877739171666106366"}