{"Signatur": "ZH_SVG_001", "Spider": "ZH_Sozialversicherungsgericht", "Sprache": "de", "Datum": "2015-08-31", "HTML": {"Datei": "ZH_Sozialversicherungsgericht/ZH_SVG_001_AL-2015-00074_2015-08-31.html", "URL": "https://findex.webgate.cloud/entscheide/AL.2015.00074.html", "Checksum": "8f2a8c7309342adc9ee6dd33faa9ead1"}, "Scrapedate": "2023-01-01", "Num": ["AL.2015.00074"], "Kopfzeile": [{"Sprachen": ["de"], "Text": "Z\u00fcrich Sozialversicherungsgericht 31.08.2015 AL.2015.00074"}, {"Sprachen": ["fr"], "Text": "Zurich Sozialversicherungsgericht 31.08.2015 AL.2015.00074"}, {"Sprachen": ["it"], "Text": "Zurigo Sozialversicherungsgericht 31.08.2015 AL.2015.00074"}], "Meta": [{"Sprachen": ["de"], "Text": "Z\u00fcrich Sozialversicherungsgericht "}, {"Sprachen": ["fr"], "Text": "Zurich Sozialversicherungsgericht "}, {"Sprachen": ["it"], "Text": "Zurigo Sozialversicherungsgericht "}], "Abstract": [{"Sprachen": ["de", "fr", "it"], "Text": "T\u00e4tigkeit auf Abruf, die im Zeitpunkt des hypoth. Beginns der Rahmenfrist 21 Monate dauerte, ist bei Versicher., der s\u00e4mtliche Pflichten gem\u00e4ss Art.\u00a017 Abs.\u00a01 AVIG erf\u00fcllte, noch als \u00fcberbr\u00fcckende T\u00e4tigkeit zu qualifizieren, weshalb sich der anrechenbare Arbeitsausfall im Vergleich zur urspr\u00fcnglichen T\u00e4tigkeit bestimmt."}], "ScrapyJob": "446973/33/1864", "Zeit UTC": "06.05.2025 03:18:57", "Checksum": "90ac01dd5b8193665357d340b20ee38c"}