{"Signatur": "ZH_SVG_001", "Spider": "ZH_Sozialversicherungsgericht", "Sprache": "de", "Datum": "2015-08-31", "HTML": {"Datei": "ZH_Sozialversicherungsgericht/ZH_SVG_001_AL-2015-00094_2015-08-31.html", "URL": "https://findex.webgate.cloud/entscheide/AL.2015.00094.html", "Checksum": "df18171acbf55e192ae46e90f6fb6f1a"}, "Scrapedate": "2023-01-01", "Num": ["AL.2015.00094"], "Kopfzeile": [{"Sprachen": ["de"], "Text": "Z\u00fcrich Sozialversicherungsgericht 31.08.2015 AL.2015.00094"}, {"Sprachen": ["fr"], "Text": "Zurich Sozialversicherungsgericht 31.08.2015 AL.2015.00094"}, {"Sprachen": ["it"], "Text": "Zurigo Sozialversicherungsgericht 31.08.2015 AL.2015.00094"}], "Meta": [{"Sprachen": ["de"], "Text": "Z\u00fcrich Sozialversicherungsgericht "}, {"Sprachen": ["fr"], "Text": "Zurich Sozialversicherungsgericht "}, {"Sprachen": ["it"], "Text": "Zurigo Sozialversicherungsgericht "}], "Abstract": [{"Sprachen": ["de", "fr", "it"], "Text": "Der Versicherte hat weder die Beitragszeit erf\u00fcllt noch war er von deren Erf\u00fcllung befreit. Zeiten, in welchen er zwar arbeitsunf\u00e4hig war, er aber in einem Arbeitsverh\u00e4ltnis stand, sind grunds\u00e4tzlich lediglich als Beitragszeit, nicht aber als Zeiten mit Beitragsbefreiung anzurechnen. "}], "ScrapyJob": "446973/33/1864", "Zeit UTC": "06.05.2025 03:34:50", "Checksum": "c0ef31f06cb679138d457c321b3f417c"}