{"Signatur": "ZH_SVG_001", "Spider": "ZH_Sozialversicherungsgericht", "Sprache": "de", "Datum": "2017-06-30", "HTML": {"Datei": "ZH_Sozialversicherungsgericht/ZH_SVG_001_AL-2015-00261_2017-06-30.html", "URL": "https://findex.webgate.cloud/entscheide/AL.2015.00261.html", "Checksum": "9dfc6726f241f3b74af9e245ce452005"}, "Scrapedate": "2023-01-01", "Num": ["AL.2015.00261"], "Kopfzeile": [{"Sprachen": ["de"], "Text": "Z\u00fcrich Sozialversicherungsgericht 30.06.2017 AL.2015.00261"}, {"Sprachen": ["fr"], "Text": "Zurich Sozialversicherungsgericht 30.06.2017 AL.2015.00261"}, {"Sprachen": ["it"], "Text": "Zurigo Sozialversicherungsgericht 30.06.2017 AL.2015.00261"}], "Meta": [{"Sprachen": ["de"], "Text": "Z\u00fcrich Sozialversicherungsgericht "}, {"Sprachen": ["fr"], "Text": "Zurich Sozialversicherungsgericht "}, {"Sprachen": ["it"], "Text": "Zurigo Sozialversicherungsgericht "}], "Abstract": [{"Sprachen": ["de", "fr", "it"], "Text": "Es ist rechtlich zul\u00e4ssig, w\u00e4hrend einer Zwischenverdienstt\u00e4tigkeit kontrollfreie Tage nach Arbeitslosenrecht zu beziehen, ohne gleichzeitig auch arbeitsvertragliche Ferien zu beziehen. In einem solchen Fall kann w\u00e4hrend des Bezugs der kontrollfreien Tage keine Anrechnung von erarbeitetem und fr\u00fcher abgezogenem Ferienlohn an den Anspruch auf Arbeitslosenentsch\u00e4digung erfolgen."}], "ScrapyJob": "446973/33/1864", "Zeit UTC": "06.05.2025 02:27:14", "Checksum": "11341d44907d13ed7426a37469ad15c4"}