{"Signatur": "ZH_SVG_001", "Spider": "ZH_Sozialversicherungsgericht", "Sprache": "de", "Datum": "2018-08-20", "HTML": {"Datei": "ZH_Sozialversicherungsgericht/ZH_SVG_001_AL-2018-00031_2018-08-20.html", "URL": "https://findex.webgate.cloud/entscheide/AL.2018.00031.html", "Checksum": "4340f284f4d70cba9f55856032ba8dd9"}, "Scrapedate": "2023-01-01", "Num": ["AL.2018.00031"], "Kopfzeile": [{"Sprachen": ["de"], "Text": "Z\u00fcrich Sozialversicherungsgericht 20.08.2018 AL.2018.00031"}, {"Sprachen": ["fr"], "Text": "Zurich Sozialversicherungsgericht 20.08.2018 AL.2018.00031"}, {"Sprachen": ["it"], "Text": "Zurigo Sozialversicherungsgericht 20.08.2018 AL.2018.00031"}], "Meta": [{"Sprachen": ["de"], "Text": "Z\u00fcrich Sozialversicherungsgericht "}, {"Sprachen": ["fr"], "Text": "Zurich Sozialversicherungsgericht "}, {"Sprachen": ["it"], "Text": "Zurigo Sozialversicherungsgericht "}], "Abstract": [{"Sprachen": ["de", "fr", "it"], "Text": "Keine Befreiung von der Erf\u00fcllung der Beitragszeit wegen Krankheit (Art.\u00a014 Abs.\u00a01 lit. b AVIG): Arbeitsunf\u00e4higkeit ist objektiv und ex post zu beurteilen, weshalb nicht massgeblich ist, dass sich der Versicherte w\u00e4hrend des IV-Abkl\u00e4rungsverfahrens gest\u00fctzt auf Berichte der behandelnden \u00c4rzte als arbeitsunf\u00e4hig erachtete."}], "ScrapyJob": "446973/33/1864", "Zeit UTC": "06.05.2025 03:02:47", "Checksum": "5925a07b6f5fe1a12dbbe2b74a4ec0ae"}