{"Signatur": "ZH_SVG_001", "Spider": "ZH_Sozialversicherungsgericht", "Sprache": "de", "Datum": "2020-03-06", "HTML": {"Datei": "ZH_Sozialversicherungsgericht/ZH_SVG_001_AL-2019-00307_2020-03-06.html", "URL": "https://findex.webgate.cloud/entscheide/AL.2019.00307.html", "Checksum": "69bf1dc3a0887e0268254086a5283bd5"}, "Scrapedate": "2023-01-01", "Num": ["AL.2019.00307"], "Kopfzeile": [{"Sprachen": ["de"], "Text": "Z\u00fcrich Sozialversicherungsgericht 06.03.2020 AL.2019.00307"}, {"Sprachen": ["fr"], "Text": "Zurich Sozialversicherungsgericht 06.03.2020 AL.2019.00307"}, {"Sprachen": ["it"], "Text": "Zurigo Sozialversicherungsgericht 06.03.2020 AL.2019.00307"}], "Meta": [{"Sprachen": ["de"], "Text": "Z\u00fcrich Sozialversicherungsgericht "}, {"Sprachen": ["fr"], "Text": "Zurich Sozialversicherungsgericht "}, {"Sprachen": ["it"], "Text": "Zurigo Sozialversicherungsgericht "}], "Abstract": [{"Sprachen": ["de", "fr", "it"], "Text": "Der Beschwerdef\u00fchrer erf\u00fcllt die Beitragszeit nicht, weil er in der Rahmenfrist nur w\u00e4hrend rund 8 Monaten in unselbst\u00e4ndiger Stellung gearbeitet hat. Auch aufgrund eines Befreiungsgrundes kann seine fehlende Versicherungseigenschaft als Selbst\u00e4ndigerwerbender nicht hergestellt werden. Zudem sind vorliegend die Befreiungsgr\u00fcnde gem\u00e4ss Art.\u00a014 AVIG allesamt zu verneinen. "}], "ScrapyJob": "446973/33/1864", "Zeit UTC": "06.05.2025 03:02:39", "Checksum": "396d32a0d0d6d9116f0e4568840a45ed"}